{"id":292240,"date":"2025-08-02T21:46:27","date_gmt":"2025-08-02T21:46:27","guid":{"rendered":"https:\/\/www.europesays.com\/fr\/292240\/"},"modified":"2025-08-02T21:46:27","modified_gmt":"2025-08-02T21:46:27","slug":"miniferme-feu-dartifice-bapteme-de-tracteur-que-reserve-la-fete-de-lagriculture-a","status":"publish","type":"post","link":"https:\/\/www.europesays.com\/fr\/292240\/","title":{"rendered":"Miniferme, feu d\u2019artifice, bapt\u00eame de tracteur\u2026 Que r\u00e9serve la f\u00eate de l\u2019agriculture \u00e0"},"content":{"rendered":"<p>La f\u00eate de l\u2019agriculture approche \u00e0 grands pas \u00e0 <a href=\"https:\/\/www.ouest-france.fr\/bretagne\/val-dize-35450\/\" target=\"_blank\" rel=\"noopener\">Val-d\u2019Iz\u00e9<\/a> (Ille-et-Vilaine). L\u2019\u00e9v\u00e9nement, organis\u00e9 par les Jeunes agriculteurs d\u2019Ille-et-Vilaine, se d\u00e9roule les 23 et 24\u00a0ao\u00fbt 2025. Dans un communiqu\u00e9, le syndicat agricole d\u00e9voile le programme de cette 70e \u00e9dition.<\/p>\n<p><strong>\u00ab\u00a0Depuis plusieurs mois, les Jeunes agriculteurs des structures locales du pays de Vitr\u00e9 et de Ch\u00e2teaubourg travaillent sans rel\u00e2che pour offrir un \u00e9v\u00e9nement inoubliable aux plus de 20\u00a0000\u00a0spectateurs attendus\u00a0\u00bb<\/strong>, explique-t-il.<\/p>\n<p>Au programme\u00a0: escape game, TractoForce, d\u00e9monstrations agricoles, bapt\u00eames d\u2019h\u00e9licopt\u00e8re ou de tracteur\u2026 <strong>\u00ab\u00a0Tout au long du week-end, les animaux seront \u00e9galement mis \u00e0 l\u2019honneur\u00a0: de la miniferme au\u00a0traditionnel concours de bovins, les visiteurs pourront s\u2019approcher au plus pr\u00e8s des animaux\u00a0d\u2019\u00e9levage du d\u00e9partement.\u00a0\u00bb <\/strong>Les chevaux seront aussi sous les projecteurs, avec le Concours d\u00e9partemental du cheval\u00a0breton.<\/p>\n<p>Course de moissonneuses-batteuses, feu d\u2019artifice<\/p>\n<p><strong>\u00ab\u00a0L\u2019embl\u00e9matique Moiss\u2019Batt show, course de moissonneuses-batteuses, sera bien entendu de\u00a0retour. Et pour encore plus de sensations, la nocturne promet un\u00a0spectacle impressionnant au rythme des moteurs et de la nuit du samedi soir\u00a0\u00bb<\/strong>, pr\u00e9cise le communiqu\u00e9. Pour rendre\u00a0cette soir\u00e9e encore plus festive\u00a0: concert, soir\u00e9e DJ ou encore feu d\u2019artifice et\u00a0spectacle de drones, seront r\u00e9unis pour faire danser le public.<\/p>\n<p><strong>\u00ab\u00a0Du c\u00f4t\u00e9 restauration, les menus sont finalis\u00e9s et seront bient\u00f4t d\u00e9voil\u00e9s. Entre restauration\u00a0rapide et repas sous chapiteau, chacun pourra trouver son bonheur\u00a0\u00bb<\/strong>, ajoutent les Jeunes agriculteurs.<\/p>\n<p>\u00a0<\/p>\n","protected":false},"excerpt":{"rendered":"La f\u00eate de l\u2019agriculture approche \u00e0 grands pas \u00e0 Val-d\u2019Iz\u00e9 (Ille-et-Vilaine). L\u2019\u00e9v\u00e9nement, organis\u00e9 par les Jeunes agriculteurs d\u2019Ille-et-Vilaine,&hellip;\n","protected":false},"author":2,"featured_media":292241,"comment_status":"","ping_status":"","sticky":false,"template":"","format":"standard","meta":{"footnotes":""},"categories":[2821],"tags":[1111,11,327,38471,43235,829,1777,674,4768,1312,1011,27,43236,43234,12,3086,584,25,18357,13936,15935],"class_list":{"0":"post-292240","1":"post","2":"type-post","3":"status-publish","4":"format-standard","5":"has-post-thumbnail","7":"category-rennes","8":"tag-actu","9":"tag-actualites","10":"tag-agriculture","11":"tag-artifice","12":"tag-bapteme","13":"tag-bretagne","14":"tag-eu","15":"tag-europe","16":"tag-fete","17":"tag-feu","18":"tag-fr","19":"tag-france","20":"tag-ize","21":"tag-miniferme","22":"tag-news","23":"tag-redon","24":"tag-rennes","25":"tag-republique-francaise","26":"tag-reserve","27":"tag-tracteur","28":"tag-val-d"},"share_on_mastodon":{"url":"https:\/\/pubeurope.com\/@fr\/114961369368086855","error":""},"_links":{"self":[{"href":"https:\/\/www.europesays.com\/fr\/wp-json\/wp\/v2\/posts\/292240","targetHints":{"allow":["GET"]}}],"collection":[{"href":"https:\/\/www.europesays.com\/fr\/wp-json\/wp\/v2\/posts"}],"about":[{"href":"https:\/\/www.europesays.com\/fr\/wp-json\/wp\/v2\/types\/post"}],"author":[{"embeddable":true,"href":"https:\/\/www.europesays.com\/fr\/wp-json\/wp\/v2\/users\/2"}],"replies":[{"embeddable":true,"href":"https:\/\/www.europesays.com\/fr\/wp-json\/wp\/v2\/comments?post=292240"}],"version-history":[{"count":0,"href":"https:\/\/www.europesays.com\/fr\/wp-json\/wp\/v2\/posts\/292240\/revisions"}],"wp:featuredmedia":[{"embeddable":true,"href":"https:\/\/www.europesays.com\/fr\/wp-json\/wp\/v2\/media\/292241"}],"wp:attachment":[{"href":"https:\/\/www.europesays.com\/fr\/wp-json\/wp\/v2\/media?parent=292240"}],"wp:term":[{"taxonomy":"category","embeddable":true,"href":"https:\/\/www.europesays.com\/fr\/wp-json\/wp\/v2\/categories?post=292240"},{"taxonomy":"post_tag","embeddable":true,"href":"https:\/\/www.europesays.com\/fr\/wp-json\/wp\/v2\/tags?post=292240"}],"curies":[{"name":"wp","href":"https:\/\/api.w.org\/{rel}","templated":true}]}}