{"id":292249,"date":"2025-08-02T21:51:12","date_gmt":"2025-08-02T21:51:12","guid":{"rendered":"https:\/\/www.europesays.com\/fr\/292249\/"},"modified":"2025-08-02T21:51:12","modified_gmt":"2025-08-02T21:51:12","slug":"un-imperatif-dhygiene-estrosi-explique-pourquoi-les-douches-de-plage-ne-sont-pas-fermees-a-nice","status":"publish","type":"post","link":"https:\/\/www.europesays.com\/fr\/292249\/","title":{"rendered":"\u00ab\u00a0Un imp\u00e9ratif d\u2019hygi\u00e8ne\u00a0\u00bb\u00a0: Estrosi explique pourquoi les douches de plage ne sont pas ferm\u00e9es \u00e0 Nice"},"content":{"rendered":"<p class=\"paragraph text_align_left lp-f-body-02\">Face \u00e0 la <a href=\"https:\/\/www.leparisien.fr\/environnement\/etes-vous-concerne-par-la-secheresse-notre-decryptage-de-6-cartes-pour-tout-comprendre-24-05-2023-NDAQI545DJCFNGEBZE26ACUZCU.php\" rel=\"noopener\" target=\"_blank\">s\u00e9cheresse<\/a> qui menace un peu plus durablement le territoire, certaines communes du littoral m\u00e9diterran\u00e9en font le choix de fermer leurs douches de plage. Si <a href=\"https:\/\/www.leparisien.fr\/alpes-maritimes-06\/alpes-maritimes-des-plages-de-cagnes-sur-mer-evacuees-a-cause-dune-nappe-dhydrocarbure-au-large-10-08-2024-ZMSEFEIDW5CCBLHY2EWGFJ22XI.php\" target=\"_blank\" rel=\"noreferrer noopener\">Cagnes-sur-Mer<\/a> indique sur <a href=\"https:\/\/ville.cagnes.fr\/actualites-csm\/alerte-secheresse-renforcee\/\" target=\"_blank\" rel=\"noreferrer noopener\">son site Internet<\/a> avoir pris cette d\u00e9cision, ce n\u2019est pas le cas de l\u2019une de ses villes voisines. Et son maire s\u2019en d\u00e9fend.<\/p>\n<blockquote class=\"twitter-tweet\">\n<p lang=\"fr\" dir=\"ltr\">Alors que 45 communes des Alpes-Maritimes viennent d\u2019\u00eatre plac\u00e9es en alerte s\u00e9cheresse, certains appellent \u00e0 des mesures purement symboliques, comme la fermeture des douches de plage \u00e0 Nice.<\/p>\n<p>Je tiens \u00e0 le redire clairement : Nice n\u2019est pas concern\u00e9e par les restrictions\u2026<\/p>\n<p>\u2014 Christian Estrosi (@cestrosi) <a href=\"https:\/\/twitter.com\/cestrosi\/status\/1951714075412660576?ref_src=twsrc%5Etfw\" target=\"_blank\" rel=\"noopener\">August 2, 2025<\/a><\/p><\/blockquote>\n<p class=\"paragraph text_align_left lp-f-body-02\">\u00ab\u00a0Certains appellent \u00e0 des mesures purement symboliques, comme la fermeture des douches de plage \u00e0 Nice. Je tiens \u00e0 le redire clairement\u00a0: <a href=\"https:\/\/www.leparisien.fr\/alpes-maritimes-06\/nice-interdite-aux-toxicomanes-une-rue-du-centre-ville-est-filtree-en-journee-par-la-police-18-07-2025-3CVJT2IFHNG23O73ASNE5ZUEGM.php\" target=\"_blank\" rel=\"noreferrer noopener\">Nice<\/a> n\u2019est pas concern\u00e9e par les restrictions pr\u00e9fectorales\u00a0\u00bb, \u00e9crit ce samedi 2\u00a0ao\u00fbt, sur X, <a href=\"https:\/\/www.leparisien.fr\/faits-divers\/pourquoi-christian-estrosi-son-epouse-et-la-patronne-de-france-televisions-delphine-ernotte-ont-ils-ete-places-brievement-en-garde-a-vue-01-07-2025-B5OK4A3ZFJBMJKKFHU5TDCGW7Y.php\" target=\"_blank\" rel=\"noreferrer noopener\">Christian Estrosi<\/a>.<\/p>\n<p>\u00ab\u00a0Un imp\u00e9ratif d\u2019hygi\u00e8ne\u00a0\u00bb<\/p>\n<p class=\"paragraph text_align_left lp-f-body-02\">Semblant r\u00e9pondre \u00e0 une \u00e9lue \u00e9cologiste H\u00e9l\u00e8ne Granouillac qui l\u2019appelait dans un communiqu\u00e9 \u00e0 s\u2019aligner \u00ab\u00a0sur une politique d\u2019\u00e9conomie du bon sens\u00a0\u00bb, l\u2019\u00e9dile justifie sa d\u00e9cision.<\/p>\n<p class=\"paragraph text_align_left lp-f-body-02\">\u00ab\u00a0Les douches de plage, d\u00e9j\u00e0 sobres (boutons-poussoirs, d\u00e9bit r\u00e9duit, coupure automatique), ne sont pas un luxe\u00a0: c\u2019est un imp\u00e9ratif d\u2019hygi\u00e8ne et de sant\u00e9 publique dans une ville touristique, au b\u00e9n\u00e9fice des habitants de la M\u00e9tropole\u00a0\u00bb, d\u00e9clare-t-il.<\/p>\n<p class=\"paragraph text_align_left lp-f-body-02\">Il assure refuser \u00ab\u00a0de c\u00e9der \u00e0 une \u00e9cologie de l\u2019interdiction\u00a0\u00bb et rappelle aussi ce qui est fait dans la commune depuis 2013. \u00ab\u00a0Nous menons une politique volontariste pour faire de la gestion de l\u2019eau une priorit\u00e9 absolue, en reprenant en r\u00e9gie publique la gestion de l\u2019eau, en investissant 270\u00a0millions d\u2019euros dans la modernisation des r\u00e9seaux et en lan\u00e7ant le chantier d\u2019Haliotis 2\u2026\u00a0\u00bb, \u00e9num\u00e8re-t-il.<\/p>\n<blockquote class=\"twitter-tweet\">\n<p lang=\"fr\" dir=\"ltr\"><a href=\"https:\/\/twitter.com\/hashtag\/ChaqueGesteCompte?src=hash&amp;ref_src=twsrc%5Etfw\" target=\"_blank\" rel=\"noopener\">#ChaqueGesteCompte<\/a><br \/>\ud835\udc12\ud835\udc04\u0301\ud835\udc02\ud835\udc07\ud835\udc04\ud835\udc11\ud835\udc04\ud835\udc12\ud835\udc12\ud835\udc04<br \/>En \u00e9t\u00e9, la vigilance sur la ressource en eau devient un enjeu majeur pour nous tous.<br \/>Adoptez des gestes concrets pour \u00e9conomiser cette ressource vitale.<br \/>Une vigilance d&rsquo;autant plus cruciale avec les Alertes S\u00e9cheresse et S\u00e9cheresse\u2026 <a href=\"https:\/\/t.co\/PfAYTvvehC\">pic.twitter.com\/PfAYTvvehC<\/a><\/p>\n<p>\u2014 Pr\u00e9fet des Alpes-Maritimes\ud83c\uddeb\ud83c\uddf7 (@prefet06) <a href=\"https:\/\/twitter.com\/prefet06\/status\/1951553555120230492?ref_src=twsrc%5Etfw\" target=\"_blank\" rel=\"noopener\">August 2, 2025<\/a><\/p><\/blockquote>\n<p class=\"paragraph text_align_left lp-f-body-02\">En d\u00e9but de semaine, le pr\u00e9fet des Alpes-Maritimes a plac\u00e9 40 communes du d\u00e9partement en alerte s\u00e9cheresse et cinq autres en alerte renforc\u00e9e s\u00e9cheresse. Des mesures pour \u00e9conomiser l\u2019eau sont donc en vigueur, comme l\u2019interdiction pour les habitants d\u2019arroser leurs pelouses et jardins potagers entre 8\u00a0heures et 20\u00a0heures. M\u00eame consigne pour les golfs du d\u00e9partement.<\/p>\n<p class=\"paragraph text_align_left lp-f-body-02\">\u00ab\u00a0Le mois de juin\u00a02025 a accus\u00e9 un d\u00e9ficit pluviom\u00e9trique de pr\u00e8s de 86\u00a0%. Le mois de juillet\u00a02025 est pour sa part d\u00e9ficitaire de pr\u00e8s de 40\u00a0%\u00a0\u00bb, pr\u00e9cisait la pr\u00e9fecture, sur son <a href=\"https:\/\/www.alpes-maritimes.gouv.fr\/Actualites\/Espace-Presse\/2025\/JUILLET\/Secheresse-40-communes-au-stade-alerte-et-5-communes-en-alerte-renforcee\" target=\"_blank\" rel=\"noreferrer noopener\">site<\/a>.<\/p>\n<p><script async src=\"https:\/\/platform.twitter.com\/widgets.js\" charset=\"utf-8\"><\/script><\/p>\n","protected":false},"excerpt":{"rendered":"Face \u00e0 la s\u00e9cheresse qui menace un peu plus durablement le territoire, certaines communes du littoral m\u00e9diterran\u00e9en font&hellip;\n","protected":false},"author":2,"featured_media":292250,"comment_status":"","ping_status":"","sticky":false,"template":"","format":"standard","meta":{"footnotes":""},"categories":[2819],"tags":[1111,11,6657,459,1777,674,1011,27,12,2401,882,25],"class_list":{"0":"post-292249","1":"post","2":"type-post","3":"status-publish","4":"format-standard","5":"has-post-thumbnail","7":"category-nice","8":"tag-actu","9":"tag-actualites","10":"tag-alpes-maritimes-06","11":"tag-departements-horsidfo","12":"tag-eu","13":"tag-europe","14":"tag-fr","15":"tag-france","16":"tag-news","17":"tag-nice","18":"tag-provence-alpes-cote-dazur","19":"tag-republique-francaise"},"share_on_mastodon":{"url":"https:\/\/pubeurope.com\/@fr\/114961388862542180","error":""},"_links":{"self":[{"href":"https:\/\/www.europesays.com\/fr\/wp-json\/wp\/v2\/posts\/292249","targetHints":{"allow":["GET"]}}],"collection":[{"href":"https:\/\/www.europesays.com\/fr\/wp-json\/wp\/v2\/posts"}],"about":[{"href":"https:\/\/www.europesays.com\/fr\/wp-json\/wp\/v2\/types\/post"}],"author":[{"embeddable":true,"href":"https:\/\/www.europesays.com\/fr\/wp-json\/wp\/v2\/users\/2"}],"replies":[{"embeddable":true,"href":"https:\/\/www.europesays.com\/fr\/wp-json\/wp\/v2\/comments?post=292249"}],"version-history":[{"count":0,"href":"https:\/\/www.europesays.com\/fr\/wp-json\/wp\/v2\/posts\/292249\/revisions"}],"wp:featuredmedia":[{"embeddable":true,"href":"https:\/\/www.europesays.com\/fr\/wp-json\/wp\/v2\/media\/292250"}],"wp:attachment":[{"href":"https:\/\/www.europesays.com\/fr\/wp-json\/wp\/v2\/media?parent=292249"}],"wp:term":[{"taxonomy":"category","embeddable":true,"href":"https:\/\/www.europesays.com\/fr\/wp-json\/wp\/v2\/categories?post=292249"},{"taxonomy":"post_tag","embeddable":true,"href":"https:\/\/www.europesays.com\/fr\/wp-json\/wp\/v2\/tags?post=292249"}],"curies":[{"name":"wp","href":"https:\/\/api.w.org\/{rel}","templated":true}]}}