{"id":292251,"date":"2025-08-02T21:53:58","date_gmt":"2025-08-02T21:53:58","guid":{"rendered":"https:\/\/www.europesays.com\/fr\/292251\/"},"modified":"2025-08-02T21:53:58","modified_gmt":"2025-08-02T21:53:58","slug":"fc-nantes-les-canaris-cueillis-a-froid-a-angers-sport","status":"publish","type":"post","link":"https:\/\/www.europesays.com\/fr\/292251\/","title":{"rendered":"FC Nantes. Les Canaris cueillis \u00e0 froid \u00e0 Angers . Sport"},"content":{"rendered":"<p>Pour le premier match de pr\u00e9paration ressemblant \u00e0 quelque chose (vrai stade de L1, \u00e9quipe-type au d\u00e9part\u2026), les prot\u00e9g\u00e9s de Luis Castro, priv\u00e9s de Coquelin (ischios), se sont inclin\u00e9s sur la plus petite des marges devant 4\u00a0826\u00a0spectateurs. Un but sign\u00e9 Lepaul de pr\u00e8s, sur un bon centre de Arcus c\u00f4t\u00e9 droit, au bout seulement de 72\u00a0secondes de jeu. On appelle \u00e7a \u00eatre cueilli \u00e0 froid. Avant que Lopes ne sauve sa cage \u00e0 la 86e sur un missile lointain de Capelle.<\/p>\n<p>Trop peu d\u2019occasion franche<\/p>\n<p>En r\u00e9sum\u00e9, Nantes, apr\u00e8s deux essais non cadr\u00e9s de Mohamed (28e) et Abline (50e), s\u2019est cr\u00e9\u00e9 trois occasions franches, par El Arabi (63e) et Guirassy (poteau \u00e0 la 64e et 79e). \u00c0 l\u2019origine des deux premiers points chauds, on trouve le jeune Benhattab, entr\u00e9 juste au pr\u00e9alable. Beaucoup trop peu. Un ph\u00e9nom\u00e8ne r\u00e9current lors de cette pr\u00e9paration estivale pour des Jaunes bien emprunt\u00e9s quand il faut jouer dans la profondeur. De quoi susciter l\u2019inqui\u00e9tude.<\/p>\n<p>D\u00e9sormais, les Canaris vont se rendre \u00e0 partir de lundi en Angleterre, pr\u00e8s de Derby, pour un stage de quelques jours avant d\u2019en d\u00e9coudre une ultime fois, en pr\u00e9ambule de l\u2019ouverture du championnat face au Paris SG, contre le Paris FC (samedi 9\u00a0ao\u00fbt \u00e0 19\u00a0h).<\/p>\n<p>Angers SCO &#8211; FC Nantes\u00a0: 1-0<\/p>\n<p>Mi-temps\u00a0: 1-0<\/p>\n<p>But\u00a0: Lepaul (2e)<\/p>\n<p>FC NANTES\u00a0: Lopes &#8211; Amian (cap. Duverne 62e), Awaziem, Tati (Doucour\u00e9 74e), Duverne (Cozza 33e) &#8211; Deuff (Kwon 46e), Lepenant (Tabibou 62e), Leroux (Hong 46e) &#8211; Abline (Benhattab 62e), Guirassy (Mahamoud 80e), Mohamed (El Arabi 46e).<\/p>\n<p>\u00a0<\/p>\n","protected":false},"excerpt":{"rendered":"Pour le premier match de pr\u00e9paration ressemblant \u00e0 quelque chose (vrai stade de L1, \u00e9quipe-type au d\u00e9part\u2026), les&hellip;\n","protected":false},"author":2,"featured_media":292252,"comment_status":"","ping_status":"","sticky":false,"template":"","format":"standard","meta":{"footnotes":""},"categories":[2818],"tags":[1111,11,3809,1465,1777,674,63,1011,27,1792,1922,766,12,2636,25,6689,479,517,1470,9693],"class_list":{"0":"post-292251","1":"post","2":"type-post","3":"status-publish","4":"format-standard","5":"has-post-thumbnail","7":"category-nantes","8":"tag-actu","9":"tag-actualites","10":"tag-ball","11":"tag-basket","12":"tag-eu","13":"tag-europe","14":"tag-football","15":"tag-fr","16":"tag-france","17":"tag-handball","18":"tag-info","19":"tag-nantes","20":"tag-news","21":"tag-pays-de-la-loire","22":"tag-republique-francaise","23":"tag-roche","24":"tag-rugby","25":"tag-sport","26":"tag-volley","27":"tag-yon"},"share_on_mastodon":{"url":"https:\/\/pubeurope.com\/@fr\/114961400629832377","error":""},"_links":{"self":[{"href":"https:\/\/www.europesays.com\/fr\/wp-json\/wp\/v2\/posts\/292251","targetHints":{"allow":["GET"]}}],"collection":[{"href":"https:\/\/www.europesays.com\/fr\/wp-json\/wp\/v2\/posts"}],"about":[{"href":"https:\/\/www.europesays.com\/fr\/wp-json\/wp\/v2\/types\/post"}],"author":[{"embeddable":true,"href":"https:\/\/www.europesays.com\/fr\/wp-json\/wp\/v2\/users\/2"}],"replies":[{"embeddable":true,"href":"https:\/\/www.europesays.com\/fr\/wp-json\/wp\/v2\/comments?post=292251"}],"version-history":[{"count":0,"href":"https:\/\/www.europesays.com\/fr\/wp-json\/wp\/v2\/posts\/292251\/revisions"}],"wp:featuredmedia":[{"embeddable":true,"href":"https:\/\/www.europesays.com\/fr\/wp-json\/wp\/v2\/media\/292252"}],"wp:attachment":[{"href":"https:\/\/www.europesays.com\/fr\/wp-json\/wp\/v2\/media?parent=292251"}],"wp:term":[{"taxonomy":"category","embeddable":true,"href":"https:\/\/www.europesays.com\/fr\/wp-json\/wp\/v2\/categories?post=292251"},{"taxonomy":"post_tag","embeddable":true,"href":"https:\/\/www.europesays.com\/fr\/wp-json\/wp\/v2\/tags?post=292251"}],"curies":[{"name":"wp","href":"https:\/\/api.w.org\/{rel}","templated":true}]}}