{"id":292255,"date":"2025-08-02T21:57:10","date_gmt":"2025-08-02T21:57:10","guid":{"rendered":"https:\/\/www.europesays.com\/fr\/292255\/"},"modified":"2025-08-02T21:57:10","modified_gmt":"2025-08-02T21:57:10","slug":"jusqua-30-km-de-bouchons-accumules","status":"publish","type":"post","link":"https:\/\/www.europesays.com\/fr\/292255\/","title":{"rendered":"jusqu&rsquo;\u00e0 30 km de bouchons accumul\u00e9s"},"content":{"rendered":"<p>            Par<br \/>\n        <strong><br \/>\n            <a href=\"https:\/\/actu.fr\/auteur\/lucie-2\" title=\"Consulter tous les articles de Lucie Fraisse\" target=\"_blank\" rel=\"noopener\">Lucie Fraisse<\/a><br \/>\n        <\/strong><\/p>\n<p>        Publi\u00e9 le<\/p>\n<p>            2 ao\u00fbt 2025 \u00e0 9h05<br \/>\n        ; mis \u00e0 jour le 2 ao\u00fbt 2025 \u00e0 15h56    <\/p>\n<p>Le <a href=\"https:\/\/actu.fr\/occitanie\/toulouse_31555\/c-est-le-pire-chasse-croise-de-l-annee-sur-les-routes-quelles-sont-les-heures-a-eviter-autour-de-toulouse_62987819.html\" target=\"_blank\" rel=\"noopener\">pire chass\u00e9-crois\u00e9 de l\u2019ann\u00e9e<\/a>. Ce premier week-end d\u2019ao\u00fbt va jeter sur les routes les <strong>\u00ab\u00a0juillettistes\u00a0\u00bb<\/strong> qui s\u2019appr\u00eatent \u00e0 reprendre le travail et les <strong>\u00ab\u00a0aoutiens\u00a0\u00bb<\/strong> qui vont enfin pouvoir profiter de leurs cong\u00e9s pay\u00e9s.\u00a0<\/p>\n<p>Circulation \u00ab\u00a0extr\u00eamement dense\u00a0\u00bb<\/p>\n<p class=\" wall-content\">Sans surprise, Vinci autoroutes annonce ainsi une circulation \u00ab\u00a0extr\u00eamement dense\u00a0\u00bb dans la r\u00e9gion et <strong>plus particuli\u00e8rement sur l\u2019A61<\/strong>, l\u2019autoroute qui permet de rallier la <strong>M\u00e9diterran\u00e9e<\/strong> depuis <a href=\"https:\/\/actu.fr\/toulouse\/\" target=\"_blank\" rel=\"noopener\">Toulouse<\/a> pour ce samedi. Bison fut\u00e9 conseille m\u00eame \u00e0 ceux qui le peuvent de d\u00e9caler leurs d\u00e9placements \u00e0 un autre jour que ce 2 ao\u00fbt 2025.<\/p>\n<p class=\" wall-content\">C\u00f4t\u00e9 d\u00e9parts, les horaires les plus denses sur <strong>l\u2019A61<\/strong> sont entre 8 heures et 15 heures ce samedi. Les retours de vacances de Toulousains entra\u00eeneront aussi des difficult\u00e9s dans l\u2019autre sens de circulation, avec un pic entre 10 heures et 16 heures. Retrouvez l\u2019essentiel de ce samedi avec Actu Toulouse.<\/p>\n<p>17h35. Fin du direct<\/p>\n<p class=\" wall-content\">Pr\u00e9vue noire par Vinci Autoroutes, la circulation n\u2019a finalement pas \u00e9t\u00e9 aussi dense qu\u2019attendu ce samedi 2 ao\u00fbt, malgr\u00e9 une matin\u00e9e compliqu\u00e9e notamment sur l\u2019A61 en direction de Narbonne et sur l\u2019A9, vers Narbonne \u00e9galement, en direction de Toulouse \u00e0 cause du chass\u00e9-crois\u00e9 entre les d\u00e9parts et retours en vacances.<\/p>\n<p class=\" wall-content\">Merci d\u2019avoir suivi ce direct.<\/p>\n<p>15h55. Encore quelques ralentissements<\/p>\n<p class=\" wall-content\">Les voyants restent au vert \u00e0 Toulouse, mais au sud de la Ville rose, toujours en direction de la M\u00e9diterran\u00e9e, des ralentissements demeurent au niveau Carcassonne sur l\u2019A61. Bison Fut\u00e9 les annonce sur 13,5 km, de Carcassonne \u00e0 Floure.<\/p>\n<p>Vid\u00e9os : en ce moment sur Actu14h31. Plus de 40 km en accord\u00e9on, en direction de l\u2019A61<\/p>\n<p class=\" wall-content\">Du c\u00f4t\u00e9 du littoral, pour rejoindre Narbonne et la bifurcation avec l\u2019A61, en direction de Toulouse, les choses ne s\u2019arrangent pas. La circulation se fait <strong>en accord\u00e9on sur 42,5 km<\/strong> entre Bessan et Narbonne, sur l\u2019ensemble des voies. Il faut presque 4h pour parcourir la zone situ\u00e9e entre Orange et Narbonne. Pour donner une petite id\u00e9e\u2026<\/p>\n<p class=\" wall-content\">En cause, entre autres, un <strong>accident<\/strong> qui s\u2019est produit <strong>6 km apr\u00e8s B\u00e9ziers-ouest<\/strong>, au niveau de la sortie 36, sur la <strong>voie de gauche.\u00a0<\/strong><\/p>\n<p class=\" wall-content\">\n<p>14h30. Un nouveau bouchon se forme \u00e0 Carcassonne<\/p>\n<p class=\" wall-content\">A nouveau sur l\u2019A61, en direction de Narbonne, un autre bouchon se forme d\u00e9sormais au niveau de Carcassonne. Selon Bison Fut\u00e9, il s\u2019\u00e9tend sur <strong>8 km entre Carcassonne et Fonti\u00e8s-d\u2019Aude,<\/strong> et sur l\u2019ensemble des trois voies de circulation.<\/p>\n<p class=\" wall-content\">Aucun accident n\u2019est toutefois signal\u00e9.<\/p>\n<p>13h. Le temps de trajet double depuis la M\u00e9diterran\u00e9e<\/p>\n<p class=\" wall-content\">Le trafic ne s\u2019am\u00e9liore pas, en revanche, sur le littoral. Pour ceux qui reviennent \u00e0 Toulouse depuis la M\u00e9diterran\u00e9e, sachez que les bouchons s\u2019accumulent depuis 9h30 ce matin, entre B\u00e9ziers et Narbonne o\u00f9 il est possible de <strong>bifurquer sur l\u2019A61<\/strong> en direction de la Ville rose.\u00a0<\/p>\n<p class=\" wall-content\">A 13h, on atteint <strong>30 km d\u2019embouteillages<\/strong> entre Montblanc et Armissan, sur <strong>l\u2019A9<\/strong>. Vinci Autoroutes met en garde : il faut compter <strong>3h25 au lieu d\u20191h40<\/strong> de trajet pour traverser cette zone.<\/p>\n<p class=\" wall-content\">\n<p>12h55. L\u2019A61 bient\u00f4t lib\u00e9r\u00e9e de son bouchon<\/p>\n<p class=\" wall-content\">Il est presque 13 heures et le vaste bouchon qui s\u2019\u00e9tait form\u00e9 sur l\u2019A61 ce matin est presque termin\u00e9. Il ne reste plus que 4,5 km d\u2019embouteillages \u00e0 parcourir pour les automobilistes. Il faut n\u00e9anmoins s\u2019attendre \u00e0 des <strong>ralentissements, toujours dans le sens Toulouse-Narbonne,<\/strong> sur 12,5 km entre Castelnaudary et Bram.<\/p>\n<p>11h45. Plus qu\u2019un v\u00e9hicule \u00e0 \u00e9vacuer sur l\u2019A61<\/p>\n<p class=\" wall-content\">Sur les 3 voitures accident\u00e9es, il n\u2019en reste plus qu\u2019une seule \u00e0 \u00e9vacuer. Au niveau de Castelnaudary, \u00e0 Pexiora, pr\u00e9cis\u00e9ment, un accident engendre depuis ce matin plusieurs kilom\u00e8tres d\u2019embouteillages sur l\u2019A61 de Toulouse en direction de Narbonne.\u00a0<\/p>\n<p class=\" wall-content\">Petit \u00e0 petit, le <strong>bouchon<\/strong> devrait se r\u00e9sorber. Il a d\u00e9j\u00e0 perdu 1,5 km sur les 21,5 km qu\u2019il avait accumul\u00e9s depuis 9h30 ce matin. Selon Bison Fut\u00e9, \u00e0 11h45, il s\u2019\u00e9tale d\u00e9sormais sur <strong>20 km entre Avignonet-Lauragais et Laurabuc.<br \/><\/strong><\/p>\n<p class=\" wall-content\">Comptez 2h25 au lieu d\u20191h10 pour effectuer le parcours, pr\u00e9vient Vinci Autoroutes\u2026<\/p>\n<p class=\" wall-content\">\n<p>11h30. Bouchon au p\u00e9age sur l\u2019A63<\/p>\n<p class=\" wall-content\">Pour ceux qui prennent la direction de l\u2019Atlantique, sur <strong>l\u2019A64<\/strong>, soyez prudents, notamment au <strong>niveau du p\u00e9age<\/strong> situ\u00e9 au niveau de Lestelle-de-Saint-Martory. Un petit embouteillage s\u2019\u00e9tale sur 1 km, sur les voies de gauche et de droite.\u00a0<\/p>\n<p>11h20. 3,3 km de bouchons au sud de Montauban<\/p>\n<p class=\" wall-content\">Sur l\u2019A20, un embouteillage de<strong> 3,3 km<\/strong> est annonc\u00e9 par Bison Fut\u00e9, entre Bressols et Montbartier,<strong> au sud de Montauban<\/strong>, en direction de Toulouse. En cause ? Des r\u00e9tr\u00e9cissements de voies.<\/p>\n<p>11h16. \u00c9norme bouchon sur l\u2019A61<\/p>\n<p class=\" wall-content\">Sur l\u2019A61, l\u2019accident au niveau de <strong>Castelnaudary<\/strong> n\u2019implique finalement que deux v\u00e9hicules. Les voies sont en revanche neutralis\u00e9es, ce qui implique un<strong> bouchon de 21,5 km<\/strong> entre Avignonet-Lauragais et Pexiora, sur l\u2019ensemble des voies.\u00a0<\/p>\n<p>9h45. Plus de 16 km de bouchons du c\u00f4t\u00e9 de la M\u00e9diterran\u00e9e<\/p>\n<p class=\" wall-content\">Gare aux juillettistes de retour vers la Ville rose. Ceux qui se seraient offerts des vacances en M\u00e9diterran\u00e9e et reprennent la direction de Toulouse pourraient se retrouver dans un bouchon d\u00e9j\u00e0 bien cons\u00e9quent, avant de bifurquer sur l\u2019A61\u2026 Pas moins de 16,5 km d\u2019embouteillages s\u2019accumulent au niveau de B\u00e9ziers, entre Montblanc et Lespinan. Toutes les voies sont concern\u00e9es.\u00a0<\/p>\n<p>9h35. Accident \u00e0 Carcassonne<\/p>\n<p class=\" wall-content\">Un<strong> accident entre trois voitures<\/strong> au niveau de Carcassonne, en direction de Narbonne provoque plusieurs kilom\u00e8tres d\u2019embouteillage. D\u2019apr\u00e8s Bison Fut\u00e9, il faut compter <strong>10,5 km de bouchons<\/strong> <strong>entre Carcassonne et Fonti\u00e8s d\u2019Aude<\/strong>, que ce soit sur les voies de gauche, du milieu et voie de droite.<\/p>\n<p>9h. Des premiers ralentissements sur l\u2019A61<\/p>\n<p class=\" wall-content\">Le trafic se charge petit \u00e0 petit d\u00e9j\u00e0 depuis 8h30 ce samedi sur <a href=\"https:\/\/actu.fr\/tag\/autoroute-61-a61\" target=\"_blank\" rel=\"noopener\">l\u2019<strong>A61<\/strong> <\/a>en direction de la M\u00e9diterran\u00e9e. La circulation se densifie notamment <strong>au niveau de Castelnaudary,<\/strong> et jusqu\u2019\u00e0 Carcassonne. Des premiers <strong>bouchons<\/strong> sont \u00e0 pr\u00e9voir.<\/p>\n<p class=\" wall-content\">Apr\u00e8s une petite tr\u00eave, ils reprendront juste<strong> apr\u00e8s avoir pass\u00e9 Carcassonne<\/strong> et se poursuivront sur l<a href=\"https:\/\/actu.fr\/tag\/autoroute-a9\" target=\"_blank\" rel=\"noopener\">\u2018A9<\/a> pour ceux qui prennent la direction de Barcelone.\u00a0<\/p>\n<p class=\" wall-content\">Dans le sens inverse, en direction de la Ville rose, les voyants restent verts.<\/p>\n<p>8h. Une journ\u00e9e noire selon Bison Fut\u00e9<\/p>\n<p class=\" wall-content\">Pas de surprise pour ce chass\u00e9-crois\u00e9. Le pire de l\u2019\u00e9t\u00e9. Bison Fut\u00e9 pr\u00e9voit une journ\u00e9e noire dans le sens des d\u00e9parts et rouge dans le sens des retours, ce samedi 2 ao\u00fbt 2025.<\/p>\n<p class=\" wall-content\">\n<p class=\" wall-content\">Suivez toute l\u2019actualit\u00e9 de vos villes et m\u00e9dias favoris en vous inscrivant \u00e0 <a href=\"https:\/\/moncompte.actu.fr\" title=\"D\u00e9couvez Mon Actu\" rel=\"nofollow noopener\" data-trk=\"{&quot;cta&quot;:{&quot;action&quot;:&quot;https:\\\/\\\/moncompte.actu.fr&quot;,&quot;category&quot;:&quot;mon compte&quot;,&quot;from&quot;:&quot;article footer&quot;,&quot;name&quot;:&quot;Mon actu&quot;,&quot;type&quot;:&quot;cta&quot;}}\" target=\"_blank\">Mon Actu<\/a>.<\/p>\n<ul class=\"ac-article-tag wall-content\">\n<li><a href=\"https:\/\/actu.fr\/tag\/autoroute-61-a61\" data-trk=\"{&quot;cta&quot;:{&quot;action&quot;:&quot;Autoroute 61 (A61)&quot;,&quot;category&quot;:&quot;tag&quot;,&quot;from&quot;:&quot;article footer&quot;,&quot;name&quot;:&quot;Autoroute 61 (A61)&quot;,&quot;type&quot;:&quot;cta&quot;}}\" target=\"_blank\" rel=\"noopener\">#Autoroute 61 (A61)<\/a><\/li>\n<li><a href=\"https:\/\/actu.fr\/tag\/info-trafic\" data-trk=\"{&quot;cta&quot;:{&quot;action&quot;:&quot;Info trafic&quot;,&quot;category&quot;:&quot;tag&quot;,&quot;from&quot;:&quot;article footer&quot;,&quot;name&quot;:&quot;Info trafic&quot;,&quot;type&quot;:&quot;cta&quot;}}\" target=\"_blank\" rel=\"noopener\">#Info trafic<\/a><\/li>\n<\/ul>\n","protected":false},"excerpt":{"rendered":"Par Lucie Fraisse Publi\u00e9 le 2 ao\u00fbt 2025 \u00e0 9h05 ; mis \u00e0 jour le 2 ao\u00fbt 2025&hellip;\n","protected":false},"author":2,"featured_media":82361,"comment_status":"","ping_status":"","sticky":false,"template":"","format":"standard","meta":{"footnotes":""},"categories":[2816],"tags":[1111,11,10437,1777,674,1011,27,803,12,2680,25,104,2312],"class_list":{"0":"post-292255","1":"post","2":"type-post","3":"status-publish","4":"format-standard","5":"has-post-thumbnail","7":"category-toulouse","8":"tag-actu","9":"tag-actualites","10":"tag-autoroute-61-a61","11":"tag-eu","12":"tag-europe","13":"tag-fr","14":"tag-france","15":"tag-info-trafic","16":"tag-news","17":"tag-occitanie","18":"tag-republique-francaise","19":"tag-societe","20":"tag-toulouse"},"share_on_mastodon":{"url":"https:\/\/pubeurope.com\/@fr\/114961412489171579","error":""},"_links":{"self":[{"href":"https:\/\/www.europesays.com\/fr\/wp-json\/wp\/v2\/posts\/292255","targetHints":{"allow":["GET"]}}],"collection":[{"href":"https:\/\/www.europesays.com\/fr\/wp-json\/wp\/v2\/posts"}],"about":[{"href":"https:\/\/www.europesays.com\/fr\/wp-json\/wp\/v2\/types\/post"}],"author":[{"embeddable":true,"href":"https:\/\/www.europesays.com\/fr\/wp-json\/wp\/v2\/users\/2"}],"replies":[{"embeddable":true,"href":"https:\/\/www.europesays.com\/fr\/wp-json\/wp\/v2\/comments?post=292255"}],"version-history":[{"count":0,"href":"https:\/\/www.europesays.com\/fr\/wp-json\/wp\/v2\/posts\/292255\/revisions"}],"wp:featuredmedia":[{"embeddable":true,"href":"https:\/\/www.europesays.com\/fr\/wp-json\/wp\/v2\/media\/82361"}],"wp:attachment":[{"href":"https:\/\/www.europesays.com\/fr\/wp-json\/wp\/v2\/media?parent=292255"}],"wp:term":[{"taxonomy":"category","embeddable":true,"href":"https:\/\/www.europesays.com\/fr\/wp-json\/wp\/v2\/categories?post=292255"},{"taxonomy":"post_tag","embeddable":true,"href":"https:\/\/www.europesays.com\/fr\/wp-json\/wp\/v2\/tags?post=292255"}],"curies":[{"name":"wp","href":"https:\/\/api.w.org\/{rel}","templated":true}]}}