{"id":292263,"date":"2025-08-02T22:04:22","date_gmt":"2025-08-02T22:04:22","guid":{"rendered":"https:\/\/www.europesays.com\/fr\/292263\/"},"modified":"2025-08-02T22:04:22","modified_gmt":"2025-08-02T22:04:22","slug":"logique-respectee-mais-lyon-est-dans-le-rythme-2-1","status":"publish","type":"post","link":"https:\/\/www.europesays.com\/fr\/292263\/","title":{"rendered":"logique respect\u00e9e mais Lyon est dans le rythme (2-1)"},"content":{"rendered":"<p>Lyon montrait quelques beaux mouvements, notamment pour se sortir du pressing bavarois.<\/p>\n<p>Le Bayern Munich de son c\u00f4t\u00e9, n&rsquo;avait qu&rsquo;une semaine d&rsquo;entrainement dans les jambes. Ayant disput\u00e9 la Coupe du Monde des Clubs, la formation allemande avait ensuite accord\u00e9 des vacances \u00e0 ses joueurs.<\/p>\n<p>Si les co\u00e9quipiers de <strong>Kingsley Coman<\/strong> peinaient \u00e0 se montrer dangereux, les Lyonnais ne parvenaient pas plus \u00e0 faire trembler <strong>Manuel Neuer<\/strong>, si ce n&rsquo;est sur quelques frappes de loin et non cadr\u00e9es de la part de <strong>Corentin Tolisso<\/strong> ou <strong>Georges Mikautadze<\/strong>.<\/p>\n<p>En seconde p\u00e9riode, <strong>Vincent Kompany<\/strong> changeait l&rsquo;int\u00e9gralit\u00e9 de son \u00e9quipe, faisant entrer en jeu sa recrue <strong>Luis Diaz<\/strong>. Le Colombien se procurait d&rsquo;ailleurs une excellente occasion \u00e0 la 48e minute mais perdait son face-\u00e0-face avec <strong>R\u00e9my Descamps<\/strong>.<\/p>\n<p>A la 52e minute, ce m\u00eame Luis Diaz obtenait un penalty suite \u00e0 une faute peu \u00e9vidente de <strong>Clinton Mata<\/strong>. L&rsquo;international fran\u00e7ais <strong>Michael Olise<\/strong> ne tremblait pas pour le transformer (1-0). Le premier but encaiss\u00e9 par l&rsquo;OL cet \u00e9t\u00e9 !<\/p>\n<p>Si sereins en premi\u00e8re p\u00e9riode, les joueurs de Paulo Fonseca souffraient davantage. Les travers de certains comme les d\u00e9gagements pr\u00e9cipit\u00e9s de <strong>Moussa Niakhat\u00e9<\/strong> ou les placements hasardeux de R\u00e9my Descamps revenaient au grand galop. Quant \u00e0 <strong>Ainsley Maitland-Niles<\/strong>, il transpirait la nonchalance et mettait son \u00e9quipe en danger \u00e0 plusieurs reprises \u00e0 cause de mauvais choix.<\/p>\n<p>Michael Olise doublait la mise \u00e0 la 62e minute. Apr\u00e8s une faute non siffl\u00e9e sur Mikautadze, le Bayern continuait \u00e0 s&rsquo;infiltrer dans la surface et l&rsquo;ailier n&rsquo;avait plus qu&rsquo;\u00e0 ajuster le portier lyonnais (2-0).<\/p>\n<p>L&rsquo;arbitrage maison aga\u00e7ait au plus haut point <strong>Paulo Fonseca<\/strong>. Car sur le penalty siffl\u00e9, Luis Diaz \u00e9tait hors-jeu mais la VAR n&rsquo;avait pas \u00e9t\u00e9 utilis\u00e9e\u2026<\/p>\n<p>A noter le dernier quart d&rsquo;heure de jeu accord\u00e9 \u00e0 <strong>Mathieu Patouillet <\/strong>dans la cage lyonnaise. Les gants du Caladois \u00e9taient mis \u00e0 contribution et il se montrait impeccable.<\/p>\n<p>A la 77e minute, Georges Mikautadze faisait une Toko-Ekambi en crochetant <strong>Jonathan Tah<\/strong> dans la surface puis en trouvant le poteau sur une frappe crois\u00e9e.<\/p>\n<p>C&rsquo;est finalement <strong>Alejandro Gomes Rodriguez<\/strong> qui r\u00e9duisait l&rsquo;\u00e9cart \u00e0 la 83e. Tout juste entr\u00e9 en jeu, il \u00e9tait lanc\u00e9 en profondeur et trompait le gardien (2-1). Son premier but avec les pros.<\/p>\n<blockquote class=\"twitter-tweet\"><p>&#13;<\/p>\n<p dir=\"ltr\" lang=\"fr\">La r\u00e9duction de l\u2019\u00e9cart d\u2019Alejandro Gomes Rodriguez face au Bayern Munich, son premier but avec le groupe pro \ud83d\udcaa\ud83d\udd34\ud83d\udd35<\/p>\n<p>\ud83d\udcf1 Le r\u00e9sum\u00e9 de <a href=\"https:\/\/twitter.com\/hashtag\/FCBOL?src=hash&amp;ref_src=twsrc%5Etfw\" target=\"_blank\" rel=\"noopener\">#FCBOL<\/a> \ud83d\udc49 <a href=\"https:\/\/t.co\/Nj4VdJd9bY\">https:\/\/t.co\/Nj4VdJd9bY<\/a> <a href=\"https:\/\/t.co\/xzfqtktjjb\">pic.twitter.com\/xzfqtktjjb<\/a><\/p>\n<p>&#13;<br \/>\n\u2014 Olympique Lyonnais (@OL) <a href=\"https:\/\/twitter.com\/OL\/status\/1951696085749276876?ref_src=twsrc%5Etfw\" target=\"_blank\" rel=\"noopener\">August 2, 2025<\/a><\/p><\/blockquote>\n<p>Premi\u00e8re d\u00e9faite de l&rsquo;OL cet \u00e9t\u00e9.<\/p>\n<p>Il reste d\u00e9sormais une ultime rencontre amicale \u00e0 disputer avant la reprise du championnat \u00e0 Lens. Ce sera samedi prochain contre Getafe, au stade Pierre-Rajon de Bourgoin-Jallieu.<\/p>\n<p>  \t\t\t\t\t<script async src=\"https:\/\/platform.twitter.com\/widgets.js\" charset=\"utf-8\"><\/script><\/p>\n","protected":false},"excerpt":{"rendered":"Lyon montrait quelques beaux mouvements, notamment pour se sortir du pressing bavarois. Le Bayern Munich de son c\u00f4t\u00e9,&hellip;\n","protected":false},"author":2,"featured_media":292264,"comment_status":"","ping_status":"","sticky":false,"template":"","format":"standard","meta":{"footnotes":""},"categories":[1889],"tags":[1111,11,2813,2430,1109,1112,1777,674,2257,1011,27,1922,1110,1114,2428,2851,12,241,25,517],"class_list":{"0":"post-292263","1":"post","2":"type-post","3":"status-publish","4":"format-standard","5":"has-post-thumbnail","7":"category-lyon","8":"tag-actu","9":"tag-actualites","10":"tag-article","11":"tag-auvergne-rhone-alpes","12":"tag-breves","13":"tag-depeches","14":"tag-eu","15":"tag-europe","16":"tag-foot","17":"tag-fr","18":"tag-france","19":"tag-info","20":"tag-informations","21":"tag-infos","22":"tag-lyon","23":"tag-lyonfoot","24":"tag-news","25":"tag-ol","26":"tag-republique-francaise","27":"tag-sport"},"share_on_mastodon":{"url":"https:\/\/pubeurope.com\/@fr\/114961439982398905","error":""},"_links":{"self":[{"href":"https:\/\/www.europesays.com\/fr\/wp-json\/wp\/v2\/posts\/292263","targetHints":{"allow":["GET"]}}],"collection":[{"href":"https:\/\/www.europesays.com\/fr\/wp-json\/wp\/v2\/posts"}],"about":[{"href":"https:\/\/www.europesays.com\/fr\/wp-json\/wp\/v2\/types\/post"}],"author":[{"embeddable":true,"href":"https:\/\/www.europesays.com\/fr\/wp-json\/wp\/v2\/users\/2"}],"replies":[{"embeddable":true,"href":"https:\/\/www.europesays.com\/fr\/wp-json\/wp\/v2\/comments?post=292263"}],"version-history":[{"count":0,"href":"https:\/\/www.europesays.com\/fr\/wp-json\/wp\/v2\/posts\/292263\/revisions"}],"wp:featuredmedia":[{"embeddable":true,"href":"https:\/\/www.europesays.com\/fr\/wp-json\/wp\/v2\/media\/292264"}],"wp:attachment":[{"href":"https:\/\/www.europesays.com\/fr\/wp-json\/wp\/v2\/media?parent=292263"}],"wp:term":[{"taxonomy":"category","embeddable":true,"href":"https:\/\/www.europesays.com\/fr\/wp-json\/wp\/v2\/categories?post=292263"},{"taxonomy":"post_tag","embeddable":true,"href":"https:\/\/www.europesays.com\/fr\/wp-json\/wp\/v2\/tags?post=292263"}],"curies":[{"name":"wp","href":"https:\/\/api.w.org\/{rel}","templated":true}]}}