{"id":292265,"date":"2025-08-02T22:07:10","date_gmt":"2025-08-02T22:07:10","guid":{"rendered":"https:\/\/www.europesays.com\/fr\/292265\/"},"modified":"2025-08-02T22:07:10","modified_gmt":"2025-08-02T22:07:10","slug":"fontenay-sous-bois-soupconne-davoir-viole-une-femme-dans-un-parking-un-homme-mis-en-examen-et-ecroue","status":"publish","type":"post","link":"https:\/\/www.europesays.com\/fr\/292265\/","title":{"rendered":"Fontenay-sous-Bois\u00a0: soup\u00e7onn\u00e9 d\u2019avoir viol\u00e9 une femme dans un parking, un homme mis en examen et \u00e9crou\u00e9"},"content":{"rendered":"<p class=\"paragraph text_align_left lp-f-body-02\">Un homme, soup\u00e7onn\u00e9 d\u2019avoir <a href=\"https:\/\/www.leparisien.fr\/val-de-marne-94\/val-de-marne-violee-dans-un-parking-apres-avoir-ete-abordee-dans-un-parc-de-fontenay-sous-bois-29-07-2025-FCIVLWCWLFCWLGYZBEIRU3EQB4.php\" target=\"_blank\" rel=\"noreferrer noopener\">s\u00e9questr\u00e9 et viol\u00e9 \u00e0 plusieurs reprises une femme de 20 ans en Seine-et-Marne<\/a>, a \u00e9t\u00e9 mis en examen et \u00e9crou\u00e9, a appris Le Parisien aupr\u00e8s du parquet de Cr\u00e9teil, confirmant une information du <a href=\"https:\/\/www.lefigaro.fr\/faits-divers\/jeune-femme-de-20-ans-sequestree-puis-violee-dans-le-val-de-marne-un-suspect-mis-en-examen-et-ecroue-20250802\" target=\"_self\" rel=\"noopener\">Figaro<\/a>.<\/p>\n<p class=\"paragraph text_align_left lp-f-body-02\">Les faits remontent au dimanche 27 juillet dernier. Ce jour-l\u00e0, une femme de 20 ans est accost\u00e9e par un homme qui lui r\u00e9clamait un joint, dans l\u2019Eco-parc des Carri\u00e8res de <a href=\"https:\/\/www.leparisien.fr\/val-de-marne-94\/couteau-couteau-trois-policiers-blesses-en-maitrisant-un-malade-psychiatrique-a-fontenay-sous-bois-17-06-2025-3BS7H6FO2JB43MR7K3G45SVUFY.php\" target=\"_self\" rel=\"noopener\">Fontenay-sous-Bois<\/a>. Par la suite, l\u2019homme la menace avec un couteau, l\u2019attache et l\u2019agresse sexuellement dans un box.<\/p>\n<p>Une information judiciaire ouverte<\/p>\n<p class=\"paragraph text_align_left lp-f-body-02\">La jeune femme, \u00e2g\u00e9e de vingt ans, avait \u00e9t\u00e9 prise en charge m\u00e9dicalement. Une incapacit\u00e9 totale de travail (ITT) de dix jours lui avait \u00e9t\u00e9 prescrite. Charg\u00e9e de l\u2019enqu\u00eate, la police judiciaire du Val-de-Marne (SDPJ 94) \u00e9tait \u00e0 la recherche de l\u2019agresseur pr\u00e9sum\u00e9.<\/p>\n<p class=\"paragraph text_align_left lp-f-body-02\">Jusqu\u2019\u00e0 cette semaine, o\u00f9 le suspect, un homme n\u00e9 en 1972 au Maroc, a \u00e9t\u00e9 plac\u00e9 en garde \u00e0 vue mercredi soir. Il a \u00e9t\u00e9 mis en examen pour \u00ab viol commis sous la menace d\u2019une arme \u00bb et \u00ab arrestation, enl\u00e8vement, s\u00e9questration ou d\u00e9tention arbitraire d\u2019otage pour faciliter un crime ou un d\u00e9lit \u00bb, indique <a href=\"https:\/\/www.lefigaro.fr\/faits-divers\/jeune-femme-de-20-ans-sequestree-puis-violee-dans-le-val-de-marne-un-suspect-mis-en-examen-et-ecroue-20250802\" target=\"_blank\" rel=\"noreferrer noopener\">Le Figaro<\/a>, citant le parquet de Cr\u00e9teil. Le suspect a \u00e9galement \u00e9t\u00e9 \u00e9crou\u00e9 et une information judiciaire a \u00e9t\u00e9 ouverte.<\/p>\n<p class=\"paragraph text_align_left lp-f-body-02\">Selon cette m\u00eame source, l\u2019homme n\u2019a pas de casier judiciaire, mais il est actuellement l\u2019objet d\u2019une proc\u00e9dure pour des faits de violences aggrav\u00e9es et d\u00e9tention de faux documents. Dans le cadre de cette affaire, il \u00e9tait d\u2019ailleurs sous contr\u00f4le judiciaire.<\/p>\n","protected":false},"excerpt":{"rendered":"Un homme, soup\u00e7onn\u00e9 d\u2019avoir s\u00e9questr\u00e9 et viol\u00e9 \u00e0 plusieurs reprises une femme de 20 ans en Seine-et-Marne, a&hellip;\n","protected":false},"author":2,"featured_media":292266,"comment_status":"","ping_status":"","sticky":false,"template":"","format":"standard","meta":{"footnotes":""},"categories":[1888],"tags":[1111,1928,11,1927,1777,674,118,1011,27,1944,12,1926,626,1925,25,1125],"class_list":{"0":"post-292265","1":"post","2":"type-post","3":"status-publish","4":"format-standard","5":"has-post-thumbnail","7":"category-paris","8":"tag-actu","9":"tag-actu-paris","10":"tag-actualites","11":"tag-actualites-paris","12":"tag-eu","13":"tag-europe","14":"tag-faits-divers","15":"tag-fr","16":"tag-france","17":"tag-ma-ville","18":"tag-news","19":"tag-news-paris","20":"tag-paris","21":"tag-paris-news","22":"tag-republique-francaise","23":"tag-val-de-marne"},"share_on_mastodon":{"url":"https:\/\/pubeurope.com\/@fr\/114961451822813366","error":""},"_links":{"self":[{"href":"https:\/\/www.europesays.com\/fr\/wp-json\/wp\/v2\/posts\/292265","targetHints":{"allow":["GET"]}}],"collection":[{"href":"https:\/\/www.europesays.com\/fr\/wp-json\/wp\/v2\/posts"}],"about":[{"href":"https:\/\/www.europesays.com\/fr\/wp-json\/wp\/v2\/types\/post"}],"author":[{"embeddable":true,"href":"https:\/\/www.europesays.com\/fr\/wp-json\/wp\/v2\/users\/2"}],"replies":[{"embeddable":true,"href":"https:\/\/www.europesays.com\/fr\/wp-json\/wp\/v2\/comments?post=292265"}],"version-history":[{"count":0,"href":"https:\/\/www.europesays.com\/fr\/wp-json\/wp\/v2\/posts\/292265\/revisions"}],"wp:featuredmedia":[{"embeddable":true,"href":"https:\/\/www.europesays.com\/fr\/wp-json\/wp\/v2\/media\/292266"}],"wp:attachment":[{"href":"https:\/\/www.europesays.com\/fr\/wp-json\/wp\/v2\/media?parent=292265"}],"wp:term":[{"taxonomy":"category","embeddable":true,"href":"https:\/\/www.europesays.com\/fr\/wp-json\/wp\/v2\/categories?post=292265"},{"taxonomy":"post_tag","embeddable":true,"href":"https:\/\/www.europesays.com\/fr\/wp-json\/wp\/v2\/tags?post=292265"}],"curies":[{"name":"wp","href":"https:\/\/api.w.org\/{rel}","templated":true}]}}