{"id":292267,"date":"2025-08-02T22:08:10","date_gmt":"2025-08-02T22:08:10","guid":{"rendered":"https:\/\/www.europesays.com\/fr\/292267\/"},"modified":"2025-08-02T22:08:10","modified_gmt":"2025-08-02T22:08:10","slug":"gr75-redecouvrez-la-petite-ceinture","status":"publish","type":"post","link":"https:\/\/www.europesays.com\/fr\/292267\/","title":{"rendered":"GR75 : (re)d\u00e9couvrez la petite ceinture"},"content":{"rendered":"<p>Amateurs de randonn\u00e9e et amoureux de la marche ? Saviez-vous qu&rsquo;un circuit de grande randonn\u00e9e est d\u00e9sormais praticable autour de Paris ? Retrouvez tout le parcours du GR75 \u00e0 travers le documentaire d&rsquo;Anne-Sophie L\u00e9vy-Chambon. <\/p>\n<p>\n      L\u2019actu des r\u00e9gions\n    <\/p>\n<p>\n      Chaque jour, un tour d\u2019horizon des principales infos de toutes les r\u00e9gions.\n    <\/p>\n<p>    France T\u00e9l\u00e9visions utilise votre adresse e-mail afin de vous envoyer la newsletter \u00ab\u00a0L\u2019actu des r\u00e9gions\u00a0\u00bb. Vous pouvez vous d\u00e9sinscrire \u00e0 tout moment via le lien en bas de cette newsletter. <a target=\"_blank\" href=\"https:\/\/www.francetelevisions.fr\/groupe\/confidentialite\/politique-de-confidentialite\/politique-de-confidentialite-de-france-televisions-6503\" rel=\"nofollow noopener\">Notre politique de confidentialit\u00e9<\/a><\/p>\n<p>C&rsquo;est une occasion de red\u00e9couvrir la capitale et ses environs. Aujourd&rsquo;hui, le tron\u00e7on du GR75 d\u00e9marre pr\u00e8s de la Porte d&rsquo;Orl\u00e9ans dans le 14e arrondissement. Rendez-vous devant \u00ab\u00a0Le Poin\u00e7on\u00a0\u00bb, une ancienne gare de la petite ceinture reconvertie en restaurant.<\/p>\n<p>Le but ? Emprunter les rails situ\u00e9s juste en dessous du b\u00e2timent pour rejoindre la place Balard. Un chemin encaiss\u00e9, \u00e0 l&rsquo;abri du tumulte de la ville et une occasion de d\u00e9couvrir l&rsquo;un des lieux du street art parisien. Un espace entre nature et peinture.<\/p>\n<p>La petite ceinture et son ancien chemin de fer est un endroit privil\u00e9gi\u00e9 o\u00f9 les artistes se retrouvent r\u00e9guli\u00e8rement. Peut-\u00eatre l&rsquo;endroit vous inspirera-t-il \u00e9galement le temps d&rsquo;une promenade.<\/p>\n","protected":false},"excerpt":{"rendered":"Amateurs de randonn\u00e9e et amoureux de la marche ? Saviez-vous qu&rsquo;un circuit de grande randonn\u00e9e est d\u00e9sormais praticable&hellip;\n","protected":false},"author":2,"featured_media":292268,"comment_status":"","ping_status":"","sticky":false,"template":"","format":"standard","meta":{"footnotes":""},"categories":[1888],"tags":[1111,1928,11,1927,1777,674,1011,27,12,1926,626,1925,25],"class_list":{"0":"post-292267","1":"post","2":"type-post","3":"status-publish","4":"format-standard","5":"has-post-thumbnail","7":"category-paris","8":"tag-actu","9":"tag-actu-paris","10":"tag-actualites","11":"tag-actualites-paris","12":"tag-eu","13":"tag-europe","14":"tag-fr","15":"tag-france","16":"tag-news","17":"tag-news-paris","18":"tag-paris","19":"tag-paris-news","20":"tag-republique-francaise"},"share_on_mastodon":{"url":"https:\/\/pubeurope.com\/@fr\/114961455869781986","error":""},"_links":{"self":[{"href":"https:\/\/www.europesays.com\/fr\/wp-json\/wp\/v2\/posts\/292267","targetHints":{"allow":["GET"]}}],"collection":[{"href":"https:\/\/www.europesays.com\/fr\/wp-json\/wp\/v2\/posts"}],"about":[{"href":"https:\/\/www.europesays.com\/fr\/wp-json\/wp\/v2\/types\/post"}],"author":[{"embeddable":true,"href":"https:\/\/www.europesays.com\/fr\/wp-json\/wp\/v2\/users\/2"}],"replies":[{"embeddable":true,"href":"https:\/\/www.europesays.com\/fr\/wp-json\/wp\/v2\/comments?post=292267"}],"version-history":[{"count":0,"href":"https:\/\/www.europesays.com\/fr\/wp-json\/wp\/v2\/posts\/292267\/revisions"}],"wp:featuredmedia":[{"embeddable":true,"href":"https:\/\/www.europesays.com\/fr\/wp-json\/wp\/v2\/media\/292268"}],"wp:attachment":[{"href":"https:\/\/www.europesays.com\/fr\/wp-json\/wp\/v2\/media?parent=292267"}],"wp:term":[{"taxonomy":"category","embeddable":true,"href":"https:\/\/www.europesays.com\/fr\/wp-json\/wp\/v2\/categories?post=292267"},{"taxonomy":"post_tag","embeddable":true,"href":"https:\/\/www.europesays.com\/fr\/wp-json\/wp\/v2\/tags?post=292267"}],"curies":[{"name":"wp","href":"https:\/\/api.w.org\/{rel}","templated":true}]}}