{"id":292278,"date":"2025-08-02T22:14:21","date_gmt":"2025-08-02T22:14:21","guid":{"rendered":"https:\/\/www.europesays.com\/fr\/292278\/"},"modified":"2025-08-02T22:14:21","modified_gmt":"2025-08-02T22:14:21","slug":"royaume-uni-nouvelles-violences-lors-de-manifs-anti-migrants","status":"publish","type":"post","link":"https:\/\/www.europesays.com\/fr\/292278\/","title":{"rendered":"Royaume-Uni: Nouvelles violences lors de manifs anti-migrants"},"content":{"rendered":"<p>Publi\u00e92. ao\u00fbt 2025, 22:08<\/p>\n<p>Royaume-Uni: Nouvelles violences lors de d\u00e9monstrations anti-migrants<\/p>\n<p>\u00c0 Manchester et \u00e0 Londres, manifestants et contre-manifestants se sont affront\u00e9s samedi dans la rue avant que la police ne les s\u00e9pare.<\/p>\n<p><a href=\"https:\/\/www.20min.ch\/fr\/auteurs\/103333179\/agence-france-presse\" class=\"sc-b1f21c84-2 egfiIF\" rel=\"nofollow noopener\" target=\"_blank\"><img decoding=\"async\" alt=\"Agence France-Presse\" src=\"https:\/\/www.europesays.com\/fr\/wp-content\/uploads\/2025\/08\/09cf394e-d19c-4235-9b46-7e00127afb7f.png\" class=\"sc-b1f21c84-1 iTOvpR\"\/><\/a><img loading=\"lazy\" decoding=\"async\" src=\"https:\/\/www.europesays.com\/fr\/wp-content\/uploads\/2025\/08\/f6149f77-54fe-4e3f-a8f5-4de7e54849fc.jpg\" alt=\"La manifestation d'extr\u00eame droite organis\u00e9e dans le centre-ville de Manchester a bri\u00e8vement d\u00e9g\u00e9n\u00e9r\u00e9.\" title=\"La manifestation d'extr\u00eame droite organis\u00e9e dans le centre-ville de Manchester a bri\u00e8vement d\u00e9g\u00e9n\u00e9r\u00e9.\"  width=\"1200\" height=\"799\"\/><\/p>\n<p>La manifestation d&rsquo;extr\u00eame droite organis\u00e9e dans le centre-ville de Manchester a bri\u00e8vement d\u00e9g\u00e9n\u00e9r\u00e9.<\/p>\n<p>AFP<\/p>\n<p>Des heurts ont \u00e0 nouveau \u00e9clat\u00e9 samedi lors de manifestations anti-immigration au Royaume-Uni.<\/p>\n<p>\u00c0 Manchester, des manifestants appelant \u00e0 une \u00abremigration\u00bb massive ont afflu\u00e9 au centre-ville, tout comme des groupes de militants antiracistes, lors d\u2019une marche organis\u00e9e par la formation d\u2019extr\u00eame droite \u00abBritain First\u00bb (La Grande-Bretagne d\u2019abord). Les deux parties se sont affront\u00e9es bri\u00e8vement au d\u00e9but de la manifestation avant que la police ne les s\u00e9pare, selon un journaliste de l\u2019AFP qui se trouvait sur les lieux.<\/p>\n<p>Le \u00abrefus de la haine\u00bb face aux \u00abrenvoyez-les!\u00bb<\/p>\n<p>\u00abC\u2019est une marche pour la re-migration\u00bb, a expos\u00e9 Brendan O\u2019Reilly, un manifestant de 66 ans. \u00abRenvoyez-les d\u2019o\u00f9 ils viennent, ne les laissez pas entrer \u2013 emp\u00eachez-les simplement d\u2019arriver, nous avons des h\u00f4tels pleins de migrants et nous avons nos propres sans-abris qui sont dehors dans la rue, mendiant de la nourriture et sans h\u00e9bergement\u00bb, a-t-il ajout\u00e9.<\/p>\n<p>Judy, une contre-manifestante de 60 ans, infirmi\u00e8re \u00e0 la retraite, a de son c\u00f4t\u00e9 dit \u00e0 l\u2019AFP \u00eatre l\u00e0 parce qu\u2019elle \u00abrefuse de voir des gens pleins de haine dans les rues de Manchester\u00bb. \u00abVeulent-ils que tout le monde s\u2019en aille ou est-ce seulement les gens de couleur? Je suspecte que ce sont juste les gens de couleurs qu\u2019ils veulent voir re-migrer\u00bb, a-t-elle ajout\u00e9.<\/p>\n<p>Heurts et arrestations \u00e0 Londres<\/p>\n<p>A Londres, manifestants et contre-manifestants ont converg\u00e9 vers un h\u00f4tel h\u00e9bergeant des demandeurs d\u2019asile en centre-ville, comme lors de manifestations pr\u00e9c\u00e9dentes qui avaient parfois donn\u00e9 lieu \u00e0 des violences.<\/p>\n<p>Des heurts ont \u00e9clat\u00e9 devant cet \u00e9tablissement du quartier du Barbican, avant que la police n\u2019intervienne. La police de Londres a \u00e9crit sur X que ses agents avaient d\u00e9gag\u00e9 un carrefour o\u00f9 les contre-manifestants s\u2019\u00e9taient group\u00e9s.<\/p>\n<p>\u00abIl y a eu neuf interpellations pour l\u2019instant, dont sept pour atteinte \u00e0 l\u2019ordre public\u00bb, a ajout\u00e9 la police. Plusieurs incidents se sont produits ces derni\u00e8res semaines dans le cadre de ces mobilisations, pour la plupart dans le quartier londonien d\u2019Epping.<\/p>\n","protected":false},"excerpt":{"rendered":"Publi\u00e92. ao\u00fbt 2025, 22:08 Royaume-Uni: Nouvelles violences lors de d\u00e9monstrations anti-migrants \u00c0 Manchester et \u00e0 Londres, manifestants et&hellip;\n","protected":false},"author":2,"featured_media":292279,"comment_status":"","ping_status":"","sticky":false,"template":"","format":"standard","meta":{"footnotes":""},"categories":[1588],"tags":[11,1777,674,12,473,1853,1851,1850,1852],"class_list":{"0":"post-292278","1":"post","2":"type-post","3":"status-publish","4":"format-standard","5":"has-post-thumbnail","7":"category-royaume-uni","8":"tag-actualites","9":"tag-eu","10":"tag-europe","11":"tag-news","12":"tag-royaume-uni","13":"tag-royaume-uni-de-grande-bretagne-et-dirlande-du-nord","14":"tag-uk","15":"tag-united-kingdom","16":"tag-united-kingdom-of-great-britain-and-northern-ireland"},"share_on_mastodon":{"url":"https:\/\/pubeurope.com\/@fr\/114961479473248389","error":""},"_links":{"self":[{"href":"https:\/\/www.europesays.com\/fr\/wp-json\/wp\/v2\/posts\/292278","targetHints":{"allow":["GET"]}}],"collection":[{"href":"https:\/\/www.europesays.com\/fr\/wp-json\/wp\/v2\/posts"}],"about":[{"href":"https:\/\/www.europesays.com\/fr\/wp-json\/wp\/v2\/types\/post"}],"author":[{"embeddable":true,"href":"https:\/\/www.europesays.com\/fr\/wp-json\/wp\/v2\/users\/2"}],"replies":[{"embeddable":true,"href":"https:\/\/www.europesays.com\/fr\/wp-json\/wp\/v2\/comments?post=292278"}],"version-history":[{"count":0,"href":"https:\/\/www.europesays.com\/fr\/wp-json\/wp\/v2\/posts\/292278\/revisions"}],"wp:featuredmedia":[{"embeddable":true,"href":"https:\/\/www.europesays.com\/fr\/wp-json\/wp\/v2\/media\/292279"}],"wp:attachment":[{"href":"https:\/\/www.europesays.com\/fr\/wp-json\/wp\/v2\/media?parent=292278"}],"wp:term":[{"taxonomy":"category","embeddable":true,"href":"https:\/\/www.europesays.com\/fr\/wp-json\/wp\/v2\/categories?post=292278"},{"taxonomy":"post_tag","embeddable":true,"href":"https:\/\/www.europesays.com\/fr\/wp-json\/wp\/v2\/tags?post=292278"}],"curies":[{"name":"wp","href":"https:\/\/api.w.org\/{rel}","templated":true}]}}