{"id":292284,"date":"2025-08-02T22:17:20","date_gmt":"2025-08-02T22:17:20","guid":{"rendered":"https:\/\/www.europesays.com\/fr\/292284\/"},"modified":"2025-08-02T22:17:20","modified_gmt":"2025-08-02T22:17:20","slug":"un-an-apres-les-elections-la-competitivite-a-remplace-lecologie-parmi-les-priorites-du-parlement-europeen","status":"publish","type":"post","link":"https:\/\/www.europesays.com\/fr\/292284\/","title":{"rendered":"Un an apr\u00e8s les \u00e9lections, la comp\u00e9titivit\u00e9 a remplac\u00e9 l\u2019\u00e9cologie parmi les priorit\u00e9s du Parlement europ\u00e9en"},"content":{"rendered":"<p>C\u2019\u00e9tait une des le\u00e7ons des \u00e9lections europ\u00e9ennes de juin\u00a02024, le centre de gravit\u00e9 du Parlement europ\u00e9en a bascul\u00e9 \u00e0 droite. M\u00eame si l\u2019h\u00e9micycle de 720 eurod\u00e9put\u00e9s repose toujours sur une majorit\u00e9 compos\u00e9e du groupe de centre-droit du Parti populaire europ\u00e9en (PPE, 188 d\u00e9put\u00e9s), des Sociaux-d\u00e9mocrates (136) et des lib\u00e9raux du groupe Renew (77), c\u2019est bien la droite europ\u00e9enne du PPE qui a donn\u00e9 le ton de cette nouvelle mandature.<\/p>\n<p>Alors que le premier mandat de la pr\u00e9sidente de la Commission europ\u00e9enne Ursula von der Leyen (2019-2024) se voulait r\u00e9solument \u00e9cologique avec le Pacte vert pour atteindre la neutralit\u00e9 carbone en 2050, le second a commenc\u00e9 sous le signe du retour de la comp\u00e9titivit\u00e9 des entreprises europ\u00e9ennes. \u00ab\u00a0La comp\u00e9titivit\u00e9 c\u2019est la priorit\u00e9 du Parti populaire europ\u00e9en, nos entreprises doivent regagner des parts de march\u00e9, par exemple dans le domaine de l\u2019automobile, de la chimie et de l\u2019acier\u00a0\u00bb, explique Wouter Beke, eurod\u00e9put\u00e9 belge du PPE. \u00ab\u00a0Nous devons d\u00e9carboner notre \u00e9conomie, mais de mani\u00e8re acceptable pour nos entreprises, nos citoyens, nos agriculteurs.\u00a0\u00bb<\/p>\n<p>\u00ab\u00a0La notion de comp\u00e9titivit\u00e9 a \u00e9t\u00e9 au c\u0153ur de la campagne des europ\u00e9ennes\u00a0\u00bb, rench\u00e9rit Marie-Pierre Vedrenne, eurod\u00e9put\u00e9e Modem. \u00ab\u00a0Il faut appliquer les propositions du rapport de Mario Draghi sur ce sujet.\u00a0\u00bb<\/p>\n<p>\u00a0<\/p>\n<p>Simplification ou recul \u00e9cologique\u00a0?<\/p>\n<p>\u00a0<\/p>\n<p>S\u2019en sont suivies des mesures de simplification administrative de la vie des entreprises, d\u00e9battues au printemps 2025 par les eurod\u00e9put\u00e9s, que la gauche voit comme un d\u00e9tricotage du Pacte vert. En avril dernier, le Parlement europ\u00e9en a vot\u00e9 en faveur du report de l\u2019application du devoir de vigilance qui impose aux entreprises d\u2019identifier et d\u2019att\u00e9nuer l\u2019impact n\u00e9gatif de leur activit\u00e9 sur l\u2019environnement. En fonction de leur taille, les entreprises pourront attendre 2027 voire 2028 pour se conformer \u00e0 cette transparence environnementale.<\/p>\n<p>\u00ab\u00a0Nous gardons les objectifs, mais nous ajustons les moyens pour y arriver\u00a0\u00bb, explique Marie-Pierre Vedrenne. Une simplification des normes environnementales qui n\u2019est pas au go\u00fbt de son coll\u00e8gue \u00e9cologiste David Cormand. \u00ab\u00a0Le devoir de vigilance est une des grandes lois de la pr\u00e9c\u00e9dente mandature pour demander plus de transparence aux multinationales sur leurs conditions de production, les mati\u00e8res premi\u00e8res qu\u2019elles exploitent, les sous-traitants qu\u2019elles font travailler. Cela donne \u00e0 l\u2019Union europ\u00e9enne une v\u00e9ritable capacit\u00e9 de contr\u00f4le des entreprises qui vendent sur notre march\u00e9.\u00a0\u00bb<\/p>\n<p>\u00a0<\/p>\n<p>Autre report d\u2019une loi \u00e9cologique vot\u00e9 par ce nouveau Parlement europ\u00e9en, celui de la loi anti-d\u00e9forestation act\u00e9 fin d\u00e9cembre\u00a02024 par une majorit\u00e9 d\u2019eurod\u00e9put\u00e9s et qui repousse d\u2019un an l\u2019interdiction de la vente au sein de l\u2019Union europ\u00e9enne de produits issus de la d\u00e9forestation.<\/p>\n<p>\u00a0<\/p>\n<p>Vers une coalition de la droite et de l\u2019extr\u00eame droite\u00a0?<\/p>\n<p>\u00a0<\/p>\n<p>L\u2019ambition environnementale de l\u2019Union europ\u00e9enne subit quelques coups de semonce, port\u00e9s par le Parti populaire europ\u00e9en, et par les groupes d\u2019extr\u00eame droite de l\u2019h\u00e9micycle\u00a0: les Conservateurs et R\u00e9formistes europ\u00e9ens (ECR), les Patriotes pour l\u2019Europe (qui ont dans leurs rangs les eurod\u00e9put\u00e9s du Rassemblement national) et le groupe de l\u2019Europe des Nations souveraines (dont fait partie l\u2019\u00e9lue zemmouriste Sarah Knafo). Derni\u00e8rement, toutes ces formations politiques ont plaid\u00e9 pour l\u2019abandon de la directive contre le \u00ab\u00a0greenwashing\u00a0\u00bb, c\u2019est-\u00e0-dire la publicit\u00e9 environnementale mensong\u00e8re sur certains produits. Cons\u00e9quence, en juin dernier, la Commission europ\u00e9enne a fait part de son intention de retirer cette directive.<\/p>\n<p>Cette d\u00e9cision a entra\u00een\u00e9 une lev\u00e9e de boucliers de la gauche et des centristes du Parlement europ\u00e9en. \u00ab\u00a0La simplification oui, mais non \u00e0 la d\u00e9r\u00e9gulation\u00a0\u00bb, s\u2019indigne Javier Moreno Sanchez, eurod\u00e9put\u00e9 espagnol socialiste. \u00ab\u00a0Ursula von der Leyen avait promis en juillet\u00a02024 lors de sa r\u00e9\u00e9lection par les eurod\u00e9put\u00e9s qu\u2019elle d\u00e9fendrait le camp pro-europ\u00e9en, au final elle laisse se former une coalition entre la droite et l\u2019extr\u00eame droite\u00a0\u00bb, analyse David Cormand.<\/p>\n<p>L\u2019\u00e9lue Modem Marie-Pierre Vedrenne reconna\u00eet \u00ab\u00a0que le cordon sanitaire contre l\u2019extr\u00eame droite, dont nous avons l\u2019habitude en France avec le front r\u00e9publicain, a disparu au Parlement europ\u00e9en sur certains sujets. Mes coll\u00e8gues du Parti populaire europ\u00e9en me le disent\u00a0: nous avons nos priorit\u00e9s, nous essaierons de les faire gagner, avec ou sans vous.\u00a0\u00bb Sous-entendu, avec les voix des groupes d\u2019extr\u00eame droite quand c\u2019est n\u00e9cessaire.<\/p>\n<p>A l\u2019automne dernier, la pr\u00e9sidente de la Commission europ\u00e9enne avait d\u2019ailleurs surpris ses alli\u00e9s sociaux-d\u00e9mocrates et centristes en nommant \u00e0 un poste de vice-pr\u00e9sident de la Commission, un membre de la droite radicale europ\u00e9enne, l\u2019Italien Raffaele Fitto, proche de la cheffe du gouvernement italien, Giorgia Meloni. \u00ab\u00a0La formation de ce coll\u00e8ge des commissaires a \u00e9t\u00e9 un moment tr\u00e8s difficile pour nous les sociaux-d\u00e9mocrates qui avions vot\u00e9 pour Ursula von der Leyen\u00a0\u00bb, se souvient Javier Moreno Sanchez. \u00ab\u00a0En plus de l\u2019arriv\u00e9e de l\u2019extr\u00eame droite italienne \u00e0 un poste de prestige, le PPE a essay\u00e9 d\u2019emp\u00eacher la nomination de la socialiste espagnole Teresa Ribera comme num\u00e9ro\u00a02 de cette Commission, en charge de la transition \u00e9cologique. Mais nous avons tenu bon.\u00a0\u00bb<\/p>\n<p>Cette majorit\u00e9 pro-europ\u00e9enne autour d\u2019Ursula von der Leyen peut-elle tenir encore quatre ans dans ce contexte politique compliqu\u00e9\u00a0? Toujours est-il que le 10\u00a0juillet dernier, la pr\u00e9sidente de la Commission europ\u00e9enne a \u00e9vit\u00e9 facilement une motion de censure, d\u00e9pos\u00e9e par un eurod\u00e9put\u00e9 roumain de droite radicale. \u00ab\u00a0En \u00e9change de notre vote, on a obtenu le maintien du niveau du Fonds social europ\u00e9en dans le prochain budget pluriannuel\u00a0\u00bb, se f\u00e9licite le socialiste espagnol Javier Moreno Sanchez, qui y voit un signe que des compromis sont toujours possibles avec la droite europ\u00e9enne. \u00ab\u00a0Le PPE doit arr\u00eater de flirter avec l\u2019extr\u00eame droite et rester dans le camp des proeurop\u00e9ens.\u00a0\u00bb<\/p>\n","protected":false},"excerpt":{"rendered":"C\u2019\u00e9tait une des le\u00e7ons des \u00e9lections europ\u00e9ennes de juin\u00a02024, le centre de gravit\u00e9 du Parlement europ\u00e9en a bascul\u00e9&hellip;\n","protected":false},"author":2,"featured_media":292285,"comment_status":"","ping_status":"","sticky":false,"template":"","format":"standard","meta":{"footnotes":""},"categories":[1586],"tags":[11,1777,674,1779,1011,27,12,8552,25,1778,364],"class_list":{"0":"post-292284","1":"post","2":"type-post","3":"status-publish","4":"format-standard","5":"has-post-thumbnail","7":"category-europe","8":"tag-actualites","9":"tag-eu","10":"tag-europe","11":"tag-european-union","12":"tag-fr","13":"tag-france","14":"tag-news","15":"tag-parlement-europeen","16":"tag-republique-francaise","17":"tag-ue","18":"tag-union-europeenne"},"share_on_mastodon":{"url":"https:\/\/pubeurope.com\/@fr\/114961491200251051","error":""},"_links":{"self":[{"href":"https:\/\/www.europesays.com\/fr\/wp-json\/wp\/v2\/posts\/292284","targetHints":{"allow":["GET"]}}],"collection":[{"href":"https:\/\/www.europesays.com\/fr\/wp-json\/wp\/v2\/posts"}],"about":[{"href":"https:\/\/www.europesays.com\/fr\/wp-json\/wp\/v2\/types\/post"}],"author":[{"embeddable":true,"href":"https:\/\/www.europesays.com\/fr\/wp-json\/wp\/v2\/users\/2"}],"replies":[{"embeddable":true,"href":"https:\/\/www.europesays.com\/fr\/wp-json\/wp\/v2\/comments?post=292284"}],"version-history":[{"count":0,"href":"https:\/\/www.europesays.com\/fr\/wp-json\/wp\/v2\/posts\/292284\/revisions"}],"wp:featuredmedia":[{"embeddable":true,"href":"https:\/\/www.europesays.com\/fr\/wp-json\/wp\/v2\/media\/292285"}],"wp:attachment":[{"href":"https:\/\/www.europesays.com\/fr\/wp-json\/wp\/v2\/media?parent=292284"}],"wp:term":[{"taxonomy":"category","embeddable":true,"href":"https:\/\/www.europesays.com\/fr\/wp-json\/wp\/v2\/categories?post=292284"},{"taxonomy":"post_tag","embeddable":true,"href":"https:\/\/www.europesays.com\/fr\/wp-json\/wp\/v2\/tags?post=292284"}],"curies":[{"name":"wp","href":"https:\/\/api.w.org\/{rel}","templated":true}]}}