{"id":292294,"date":"2025-08-02T22:22:12","date_gmt":"2025-08-02T22:22:12","guid":{"rendered":"https:\/\/www.europesays.com\/fr\/292294\/"},"modified":"2025-08-02T22:22:12","modified_gmt":"2025-08-02T22:22:12","slug":"jai-frole-la-depression-les-lendemains-qui-dechantent-dalexia-richard-et-lezana-placette","status":"publish","type":"post","link":"https:\/\/www.europesays.com\/fr\/292294\/","title":{"rendered":"\u00ab\u00a0J\u2019ai fr\u00f4l\u00e9 la d\u00e9pression\u00a0\u00bb\u2026 Les lendemains qui d\u00e9chantent d\u2019Alexia Richard et L\u00e9zana Placette"},"content":{"rendered":"<p>Pour la paire compos\u00e9e d\u2019Alexia Richard et de L\u00e9zana Placette, les Jeux de Paris 2024 furent d\u2019abord une histoire de fiert\u00e9. Fiert\u00e9 d\u2019en \u00eatre, gr\u00e2ce \u00e0 leur talent sportif et non comme repr\u00e9sentantes du pays h\u00f4te. Une qualification synonyme de premi\u00e8re et d\u2019exploit pour le beach-volley f\u00e9minin tricolore, offrant en plus un ticket d\u2019entr\u00e9e pour une deuxi\u00e8me \u00e9quipe, bravo mesdames.<\/p>\n<p>Cet article est r\u00e9serv\u00e9 aux abonn\u00e9s<\/p>\n<p>\n                    Vous souhaitez lire la suite\u00a0? Abonnez-vous sans engagement \u00e0 notre offre num\u00e9rique\n                <\/p>\n<p>                <a href=\"https:\/\/www.la-croix.com\/abonnement\" class=\"default-paywall__subscribe-button\" data-tracking=\"cta_click\" data-tracking-action=\"voir la page abonnement\" data-tracking-category=\"abonnement\" rel=\"nofollow noopener\" target=\"_blank\">Je m&rsquo;abonne<\/a><\/p>\n","protected":false},"excerpt":{"rendered":"Pour la paire compos\u00e9e d\u2019Alexia Richard et de L\u00e9zana Placette, les Jeux de Paris 2024 furent d\u2019abord une&hellip;\n","protected":false},"author":2,"featured_media":292295,"comment_status":"","ping_status":"","sticky":false,"template":"","format":"standard","meta":{"footnotes":""},"categories":[1417],"tags":[1011,27,60,1470,1469],"class_list":{"0":"post-292294","1":"post","2":"type-post","3":"status-publish","4":"format-standard","5":"has-post-thumbnail","7":"category-volley","8":"tag-fr","9":"tag-france","10":"tag-sports","11":"tag-volley","12":"tag-volleyball"},"share_on_mastodon":{"url":"https:\/\/pubeurope.com\/@fr\/114961510784542572","error":""},"_links":{"self":[{"href":"https:\/\/www.europesays.com\/fr\/wp-json\/wp\/v2\/posts\/292294","targetHints":{"allow":["GET"]}}],"collection":[{"href":"https:\/\/www.europesays.com\/fr\/wp-json\/wp\/v2\/posts"}],"about":[{"href":"https:\/\/www.europesays.com\/fr\/wp-json\/wp\/v2\/types\/post"}],"author":[{"embeddable":true,"href":"https:\/\/www.europesays.com\/fr\/wp-json\/wp\/v2\/users\/2"}],"replies":[{"embeddable":true,"href":"https:\/\/www.europesays.com\/fr\/wp-json\/wp\/v2\/comments?post=292294"}],"version-history":[{"count":0,"href":"https:\/\/www.europesays.com\/fr\/wp-json\/wp\/v2\/posts\/292294\/revisions"}],"wp:featuredmedia":[{"embeddable":true,"href":"https:\/\/www.europesays.com\/fr\/wp-json\/wp\/v2\/media\/292295"}],"wp:attachment":[{"href":"https:\/\/www.europesays.com\/fr\/wp-json\/wp\/v2\/media?parent=292294"}],"wp:term":[{"taxonomy":"category","embeddable":true,"href":"https:\/\/www.europesays.com\/fr\/wp-json\/wp\/v2\/categories?post=292294"},{"taxonomy":"post_tag","embeddable":true,"href":"https:\/\/www.europesays.com\/fr\/wp-json\/wp\/v2\/tags?post=292294"}],"curies":[{"name":"wp","href":"https:\/\/api.w.org\/{rel}","templated":true}]}}