{"id":292298,"date":"2025-08-02T22:24:14","date_gmt":"2025-08-02T22:24:14","guid":{"rendered":"https:\/\/www.europesays.com\/fr\/292298\/"},"modified":"2025-08-02T22:24:14","modified_gmt":"2025-08-02T22:24:14","slug":"insuffisamment-remise-de-sa-blessure-lois-boisson-forfait-a-cincinnati","status":"publish","type":"post","link":"https:\/\/www.europesays.com\/fr\/292298\/","title":{"rendered":"insuffisamment remise de sa blessure, Lo\u00efs Boisson forfait \u00e0 Cincinnati"},"content":{"rendered":"<p>Pas suffisamment remise de sa blessure \u00e0 l&rsquo;adducteur gauche qui l&rsquo;a priv\u00e9e du WTA 1000 de Montr\u00e9al, la n\u00b01 fran\u00e7aise <a href=\"https:\/\/www.ledauphine.com\/p\/lois-boisson\" target=\"_blank\" rel=\"noopener\">Lo\u00efs Boisson<\/a> a annonc\u00e9 samedi qu&rsquo;elle manquerait \u00e9galement le tournoi WTA 1000 de Cincinnati la semaine prochaine et qu&rsquo;elle reprendrait la comp\u00e9tition une semaine avant le d\u00e9but de l&rsquo;US Open.<\/p>\n<p>\u00ab Reprise de la saison sur dur uniquement \u00e0 Cleveland pour me laisser le temps d&rsquo;\u00eatre totalement \u00e0 100% en vue de l&rsquo;US Open \u00bb, a \u00e9crit la 47e joueuse mondiale sur Instagram.<\/p>\n<p>\u00ab J&rsquo;ai repris l&rsquo;entra\u00eenement et la r\u00e9athl\u00e9tisation se passe tr\u00e8s bien, mais en accord avec mon \u00e9quipe et mon staff m\u00e9dical, cela repr\u00e9senterait un risque de reprendre trop t\u00f4t et notamment d\u00e8s le tournoi de Cincinnati \u00bb, a ajout\u00e9 <a href=\"https:\/\/www.ledauphine.com\/sport\/2025\/06\/05\/coco-gauff-met-fin-a-la-belle-aventure-de-lois-boisson-et-rejoint-sabalenka-en-finale\" target=\"_blank\" rel=\"noopener\">la demi-finaliste de Roland-Garros<\/a>, install\u00e9e \u00e0 Annecy.<\/p>\n<p>L&rsquo;US Open en ligne de mire<\/p>\n<p>Laur\u00e9ate de son premier titre en WTA, il y a deux semaines \u00e0 Hambourg, Lo\u00efs Boisson (22 ans) s&rsquo;est bless\u00e9e \u00e0 l&rsquo;adducteur gauche lors de ce tournoi sur terre battue et a \u00e9t\u00e9 contrainte de faire l&rsquo;impasse sur les deux WTA 1000 de la tourn\u00e9e am\u00e9ricaine.<\/p>\n<p>Elle ne disputera donc qu&rsquo;un tournoi sur dur, le WTA 250 de Cleveland (17-23 ao\u00fbt), avant de disputer son premier US Open \u00e0 partir du 24 ao\u00fbt.<\/p>\n<p>Class\u00e9e 361e mondiale avant Roland-Garros,\u00a0la native de Dijon\u00a0avait cr\u00e9\u00e9 la sensation en se hissant jusqu&rsquo;en demi-finales du tournoi parisien d\u00e9but juin, battant au passage les membres du top 10 <a href=\"https:\/\/www.ledauphine.com\/sport\/2025\/06\/03\/a-roland-garros-lois-boisson-fait-sauter-le-bouchon-face-a-jessica-pegula\" target=\"_blank\" rel=\"noopener\">Jessica Pegula<\/a> et <a href=\"https:\/\/www.ledauphine.com\/sport\/2025\/06\/04\/lois-boisson-elimine-andreeva-et-file-en-demi-finale-de-roland-garros\" target=\"_blank\" rel=\"noopener\">Mirra Andreeva<\/a> avant de c\u00e9der face \u00e0 Coco Gauff, future laur\u00e9ate de l&rsquo;\u00e9preuve.<\/p>\n<p>Elle a depuis \u00e9chou\u00e9 au premier tour des qualifications pour Wimbledon, sur un gazon qu&rsquo;elle d\u00e9couvrait. De retour sur terre battue, sa surface de pr\u00e9dilection, Lo\u00efs Boisson a remport\u00e9 le tournoi de Hambourg, premier titre WTA remport\u00e9 par une joueuse fran\u00e7aise depuis Caroline Garcia en novembre 2022 au Masters.<\/p>\n","protected":false},"excerpt":{"rendered":"Pas suffisamment remise de sa blessure \u00e0 l&rsquo;adducteur gauche qui l&rsquo;a priv\u00e9e du WTA 1000 de Montr\u00e9al, la&hellip;\n","protected":false},"author":2,"featured_media":292299,"comment_status":"","ping_status":"","sticky":false,"template":"","format":"standard","meta":{"footnotes":""},"categories":[1415],"tags":[3853,3854,3855,3856,107,1701,1011,27,4638,517,1947,60,1467],"class_list":{"0":"post-292298","1":"post","2":"type-post","3":"status-publish","4":"format-standard","5":"has-post-thumbnail","7":"category-tennis","8":"tag-annecy","9":"tag-annecy-bassin","10":"tag-annecy-region","11":"tag-edition-annecy-rumilly-les-aravis","12":"tag-fil-info","13":"tag-fil-info-sport","14":"tag-fr","15":"tag-france","16":"tag-haute-savoie","17":"tag-sport","18":"tag-sport-national","19":"tag-sports","20":"tag-tennis"},"share_on_mastodon":{"url":"https:\/\/pubeurope.com\/@fr\/114961518575114558","error":""},"_links":{"self":[{"href":"https:\/\/www.europesays.com\/fr\/wp-json\/wp\/v2\/posts\/292298","targetHints":{"allow":["GET"]}}],"collection":[{"href":"https:\/\/www.europesays.com\/fr\/wp-json\/wp\/v2\/posts"}],"about":[{"href":"https:\/\/www.europesays.com\/fr\/wp-json\/wp\/v2\/types\/post"}],"author":[{"embeddable":true,"href":"https:\/\/www.europesays.com\/fr\/wp-json\/wp\/v2\/users\/2"}],"replies":[{"embeddable":true,"href":"https:\/\/www.europesays.com\/fr\/wp-json\/wp\/v2\/comments?post=292298"}],"version-history":[{"count":0,"href":"https:\/\/www.europesays.com\/fr\/wp-json\/wp\/v2\/posts\/292298\/revisions"}],"wp:featuredmedia":[{"embeddable":true,"href":"https:\/\/www.europesays.com\/fr\/wp-json\/wp\/v2\/media\/292299"}],"wp:attachment":[{"href":"https:\/\/www.europesays.com\/fr\/wp-json\/wp\/v2\/media?parent=292298"}],"wp:term":[{"taxonomy":"category","embeddable":true,"href":"https:\/\/www.europesays.com\/fr\/wp-json\/wp\/v2\/categories?post=292298"},{"taxonomy":"post_tag","embeddable":true,"href":"https:\/\/www.europesays.com\/fr\/wp-json\/wp\/v2\/tags?post=292298"}],"curies":[{"name":"wp","href":"https:\/\/api.w.org\/{rel}","templated":true}]}}