{"id":292300,"date":"2025-08-02T22:26:24","date_gmt":"2025-08-02T22:26:24","guid":{"rendered":"https:\/\/www.europesays.com\/fr\/292300\/"},"modified":"2025-08-02T22:26:24","modified_gmt":"2025-08-02T22:26:24","slug":"horaires-et-chaine-tv-pour-la-france","status":"publish","type":"post","link":"https:\/\/www.europesays.com\/fr\/292300\/","title":{"rendered":"horaires et cha\u00eene TV pour la France"},"content":{"rendered":"<p>Le MotoGP encha\u00eene et en arrive d\u00e9j\u00e0 \u00e0 son 3e Grand Prix de la saison 2025. Ce sera ce week-end au Texas pour le Grand Prix des Am\u00e9riques. Une manche \u00e0 suivre en direct et en int\u00e9gralit\u00e9 \u00e0 la t\u00e9l\u00e9vision fran\u00e7aise. On vous dit tout dans la suite de cet article.<\/p>\n<p>Deux semaines apr\u00e8s le GP d&rsquo;Argentine et un nouveau triomphe de Marc Marquez sur sa Ducati, le MotoGP reste sur le continent am\u00e9ricain et se retrouve dans la ville d&rsquo;Austin au Texas. D\u00e9calage horaire oblige, les diff\u00e9rentes sessions de cette manche ont lieu en fin de journ\u00e9e voire en prime time pour le d\u00e9part de la course sprint et de la course principale.<\/p>\n<p>Le programme du GP des Am\u00e9riques de MotoGP<\/p>\n<p>Comme chaque week-end de MotoGP, le programme est charg\u00e9 avec de l&rsquo;enjeu lors des trois jours de sa tenue. La journ\u00e9e du samedi \u00e9tant la plus dense avec les qualifications et la course sprint. En France, ce copieux programme sera \u00e0 suivre en direct et en int\u00e9gralit\u00e9 sur Canal+ Sport 360 \u00e0 partir de vendredi.<\/p>\n<p>Les Essais<\/p>\n<p>\u00c7a commence donc vendredi avec les Essais Libres 1. Celle-ci dure 45 minutes et permet aux pilotes de r\u00e9gler leur machine pour les Essais. Une s\u00e9ance d&rsquo;une heure au terme de laquelle les 10 pilotes les plus rapides sont directement qualifi\u00e9s en Q2 le samedi. Une seconde s\u00e9ance d&rsquo;Essais Libres est programm\u00e9e le samedi. Elle dure 30 minutes et a lieu juste avant les qualifications.<\/p>\n<ul>\n<li>Essais Libres 1\n<ul>\n<li>Vendredi 28 mars<\/li>\n<li>De 16h45 \u00e0 17h30<\/li>\n<li>\u00c0 partir de 16h35 sur Canal+ Sport 360<\/li>\n<\/ul>\n<\/li>\n<li>Essais\n<ul>\n<li>Vendredi 28 mars<\/li>\n<li>De 21h \u00e0 22h<\/li>\n<li>\u00c0 partir de 20h50 sur Canal+ Sport 360<\/li>\n<\/ul>\n<\/li>\n<li>Essais Libres 2\n<ul>\n<li>Samedi 29 mars<\/li>\n<li>De 16h10 \u00e0 16h40<\/li>\n<li>\u00c0 partir de 16h sur Canal+ Sport 360<\/li>\n<\/ul>\n<\/li>\n<\/ul>\n<p>Les qualifications<\/p>\n<p>Les qualifications se d\u00e9coupent en deux parties de 15 minutes. Elles sont le samedi, juste apr\u00e8s les Essais Libres 2. La premi\u00e8re partie, la Q1, engage les 12 \u00e0 14 pilotes qui n&rsquo;ont pas pu se qualifier directement en Q2 le vendredi. Au terme de cette session de 15 minutes, les deux plus rapides passent en Q2 et peuvent se battre pour la pole position. La Q2 dure elle aussi 15 minutes et engage les 12 pilotes les plus rapides. Au terme de celle-ci, on d\u00e9termine la grille de d\u00e9part pour la course sprint du samedi et la course principale du dimanche.<\/p>\n<ul>\n<li>Q1\n<ul>\n<li>Samedi 29 mars<\/li>\n<li>De 16h50 \u00e0 17h05<\/li>\n<li>\u00c0 partir de 16h45 sur Canal+ Sport 360<\/li>\n<\/ul>\n<\/li>\n<li>Q2\n<ul>\n<li>Samedi 29 mars<\/li>\n<li>De 17h15 \u00e0 17h30<\/li>\n<li>En direct sur Canal+ Sport 360<\/li>\n<\/ul>\n<\/li>\n<\/ul>\n<p>La course sprint<\/p>\n<p>La course sprint repr\u00e9sente en dur\u00e9e et en longueur l&rsquo;\u00e9quivalent de la moiti\u00e9 d&rsquo;un Grand Prix. Ce sera 10 tours pour le Grand Prix des Am\u00e9riques. Elle permet aux 9 premiers du classement de marquer des points (de 9 \u00e0 un).<\/p>\n<ul>\n<li>Samedi 29 mars<\/li>\n<li>D\u00e9part \u00e0 21h<\/li>\n<li>10 tours<\/li>\n<li>En direct sur Canal+ Sport 360 \u00e0 partir de 20h31<\/li>\n<\/ul>\n<p>Le Grand Prix<\/p>\n<p>C&rsquo;est le point d&rsquo;orgue du week-end. Il s&rsquo;agit de la course principale durant laquelle les pilotes devront parcourir 20 tours pour ce Grand Prix des Am\u00e9riques avec un d\u00e9part \u00e0 21 heures, heure fran\u00e7aise.<\/p>\n<ul>\n<li>Dimanche 30 mars<\/li>\n<li>D\u00e9part \u00e0 21h<\/li>\n<li>20 tours<\/li>\n<li>En direct sur Canal+ Sport 360 \u00e0 partir de 20h17<\/li>\n<\/ul>\n<p>Cr\u00e9dit photo : Press Only.<\/p>\n","protected":false},"excerpt":{"rendered":"Le MotoGP encha\u00eene et en arrive d\u00e9j\u00e0 \u00e0 son 3e Grand Prix de la saison 2025. Ce sera&hellip;\n","protected":false},"author":2,"featured_media":292301,"comment_status":"","ping_status":"","sticky":false,"template":"","format":"standard","meta":{"footnotes":""},"categories":[1413],"tags":[1011,27,1457,1456,60],"class_list":{"0":"post-292300","1":"post","2":"type-post","3":"status-publish","4":"format-standard","5":"has-post-thumbnail","7":"category-moto","8":"tag-fr","9":"tag-france","10":"tag-moto","11":"tag-motocycle","12":"tag-sports"},"share_on_mastodon":{"url":"https:\/\/pubeurope.com\/@fr\/114961526502159613","error":""},"_links":{"self":[{"href":"https:\/\/www.europesays.com\/fr\/wp-json\/wp\/v2\/posts\/292300","targetHints":{"allow":["GET"]}}],"collection":[{"href":"https:\/\/www.europesays.com\/fr\/wp-json\/wp\/v2\/posts"}],"about":[{"href":"https:\/\/www.europesays.com\/fr\/wp-json\/wp\/v2\/types\/post"}],"author":[{"embeddable":true,"href":"https:\/\/www.europesays.com\/fr\/wp-json\/wp\/v2\/users\/2"}],"replies":[{"embeddable":true,"href":"https:\/\/www.europesays.com\/fr\/wp-json\/wp\/v2\/comments?post=292300"}],"version-history":[{"count":0,"href":"https:\/\/www.europesays.com\/fr\/wp-json\/wp\/v2\/posts\/292300\/revisions"}],"wp:featuredmedia":[{"embeddable":true,"href":"https:\/\/www.europesays.com\/fr\/wp-json\/wp\/v2\/media\/292301"}],"wp:attachment":[{"href":"https:\/\/www.europesays.com\/fr\/wp-json\/wp\/v2\/media?parent=292300"}],"wp:term":[{"taxonomy":"category","embeddable":true,"href":"https:\/\/www.europesays.com\/fr\/wp-json\/wp\/v2\/categories?post=292300"},{"taxonomy":"post_tag","embeddable":true,"href":"https:\/\/www.europesays.com\/fr\/wp-json\/wp\/v2\/tags?post=292300"}],"curies":[{"name":"wp","href":"https:\/\/api.w.org\/{rel}","templated":true}]}}