{"id":292308,"date":"2025-08-02T22:30:25","date_gmt":"2025-08-02T22:30:25","guid":{"rendered":"https:\/\/www.europesays.com\/fr\/292308\/"},"modified":"2025-08-02T22:30:25","modified_gmt":"2025-08-02T22:30:25","slug":"personne-ne-le-sait-ce-geste-de-michael-weatherly-a-touche-cote-de-pablo-lors-du-tournage-dune-scene-damour","status":"publish","type":"post","link":"https:\/\/www.europesays.com\/fr\/292308\/","title":{"rendered":"\u00ab\u00a0Personne ne le sait\u2026\u00a0\u00bb Ce geste de Michael Weatherly a touch\u00e9 Cote de Pablo lors du tournage d\u2019une sc\u00e8ne d\u2019amour"},"content":{"rendered":"<p>Cote de Pablo et Michael Weatherly feront bient\u00f4t leur retour \u00e0 l&rsquo;\u00e9cran dans NCIS : Tony &amp; Ziva. \u00c0 quelques mois de la diffusion du spin-off, l&rsquo;actrice a fait des confidences sur la mani\u00e8re dont son partenaire lui est venu en aide lors du tournage d&rsquo;une sc\u00e8ne intime. <\/p>\n<p>Tous les fans de NCIS l&rsquo;attendaient : Cote de Pablo et Michael Weatherly vont reprendre leurs r\u00f4les de Tony DiNozzo et Ziva David dans un spin-off intitul\u00e9<a href=\"https:\/\/www.programme-tv.net\/news\/series-tv\/351753-ncis-tony-ziva-intrigues-casting-ce-qu-il-faut-savoir-sur-le-nouveau-spin-off\/\" data-api-deeplink=\"teleloisirs:\/\/news\/351753\" target=\"_blank\" rel=\"noopener\"> NCIS : Tony &amp; Ziva<\/a>. Diffus\u00e9e prochainement sur CBS et Paramount+ aux \u00c9tats-Unis, la s\u00e9rie polici\u00e8re nous plongera dans la vie des anciens agents qui se retrouvent \u00e0 <a href=\"https:\/\/www.programme-tv.net\/news\/series-tv\/363381-ncis-la-fille-de-tony-ziva-enfin-devoilee-par-michael-weatherly-et-cote-de-pablo\/\" data-api-deeplink=\"teleloisirs:\/\/news\/363381\" target=\"_blank\" rel=\"noopener\">\u00e9lever leur fille Tali ensemble \u00e0 Paris<\/a>. Mais leur tranquillit\u00e9 sera brusquement interrompue lorsque l&rsquo;entreprise de s\u00e9curit\u00e9 de Tony devient la cible d&rsquo;attaques myst\u00e9rieuses. Cette menace les contraint \u00e0 fuir \u00e0 travers l&rsquo;Europe pour leur survie. Alors qu&rsquo;ils tentent de d\u00e9couvrir l&rsquo;identit\u00e9 de leur ennemi, ceux qui ont longtemps \u00e9t\u00e9 le couple pr\u00e9f\u00e9r\u00e9 des fans de NCIS vont devoir r\u00e9apprendre \u00e0 se faire mutuellement confiance.<\/p>\n<p><b>NCIS <\/b><b>: Cote de Pablo se rem\u00e9more la mani\u00e8re dont Michael Weatherly lui est venu en aide durant une sc\u00e8ne d&rsquo;amour<\/b><\/p>\n<p>\u00c0 quelques mois de la diffusion de NCIS : Tony &amp; Ziva, Cote de Pablo et Michael Weatherly ont accord\u00e9 un entretien au m\u00e9dia am\u00e9ricain Entertainment Weekly. L&rsquo;occasion pour eux de pr\u00e9senter leur spin-off tant attendu, mais aussi de se rem\u00e9morer des moments qui les ont marqu\u00e9s dans NCIS. L&rsquo;actrice s&rsquo;est notamment souvenue de la mani\u00e8re dont son partenaire l&rsquo;a aid\u00e9e durant le tournage d&rsquo;une sc\u00e8ne d&rsquo;amour. \u00ab\u00a0Personne ne le sait, mais pendant cette sc\u00e8ne, une robe a \u00e9t\u00e9 retir\u00e9e\u00a0\u00bb, a-t-elle d\u00e9clar\u00e9, en r\u00e9f\u00e9rence \u00e0 l&rsquo;\u00e9pisode 8 de la saison 3 de NCIS diffus\u00e9 il y a pr\u00e8s de vingt ans sur la cha\u00eene CBS. \u00ab\u00a0<b>Michael a recouvert chaque partie de mon corps de peur que certains membres de l&rsquo;\u00e9quipe ne voient des parties de moi. Cette pens\u00e9e ne m&rsquo;a jamais travers\u00e9 l&rsquo;esprit, car je me suis dit : &lsquo;Non, c&rsquo;est la sc\u00e8ne. Je vais jouer la v\u00e9rit\u00e9&rsquo;<\/b>\u00ab\u00a0. Ce n&rsquo;est pas la premi\u00e8re fois que <a href=\"https:\/\/www.programme-tv.net\/news\/series-tv\/362483-ncis-tu-mas-protegee-cote-de-pablo-revient-sur-ce-geste-de-michael-weatherly-pour-le-tournage-d-une-scene-intime\/\" data-api-deeplink=\"teleloisirs:\/\/news\/362483\" target=\"_blank\" rel=\"noopener\">l&rsquo;actrice mentionne les coulisses de cet \u00e9pisode<\/a> dans lequel les personnages ont d\u00fb faire semblant de se retrouver au lit afin de se faire passer pour un couple de tueurs \u00e0 gages franco-canadiens.<\/p>\n<p>                        <b>Cote de Pablo (<\/b><b>NCIS<\/b><b>) :<\/b><b> \u00ab\u00a0<\/b>Tu t&rsquo;assurais que j&rsquo;aie l&rsquo;air bien<b>\u00ab\u00a0<\/b><\/p>\n<p>\u00ab\u00a0Tu as fait quelque chose de tr\u00e8s gentil, c&rsquo;est-\u00e0-dire que tu as attrap\u00e9 mes cheveux et tu as tenu ma t\u00eate, et tu m&rsquo;as soulev\u00e9e tr\u00e8s l\u00e9g\u00e8rement pour que je sois dans un bon angle, pour que j&rsquo;aie l&rsquo;air bien\u00a0\u00bb, avait-elle confi\u00e9 dans le podcast Off Duty : An NCIS Rewatch qu&rsquo;elle anime avec sa co-star Michael Weatherly. \u00ab\u00a0Tu \u00e9tais tout simplement tr\u00e8s conscient de cela, et sans que je le sache, tu me prot\u00e9geais. Tu t&rsquo;assurais que j&rsquo;aie l&rsquo;air bien\u00a0\u00bb.<\/p>\n<p>Article \u00e9crit en collaboration avec 6M\u00e9dias<\/p>\n","protected":false},"excerpt":{"rendered":"Cote de Pablo et Michael Weatherly feront bient\u00f4t leur retour \u00e0 l&rsquo;\u00e9cran dans NCIS : Tony &amp; Ziva.&hellip;\n","protected":false},"author":2,"featured_media":292309,"comment_status":"","ping_status":"","sticky":false,"template":"","format":"standard","meta":{"footnotes":""},"categories":[1359],"tags":[4225,244,41833,58,59,1011,27,41834,13903,973,4224,129],"class_list":{"0":"post-292308","1":"post","2":"type-post","3":"status-publish","4":"format-standard","5":"has-post-thumbnail","7":"category-people","8":"tag-amazon-prime-vidu00e9o","9":"tag-commentaire","10":"tag-cote-de-pablo","11":"tag-divertissement","12":"tag-entertainment","13":"tag-fr","14":"tag-france","15":"tag-michael-weatherly","16":"tag-ncis-enquu00eates-spu00e9ciales","17":"tag-people","18":"tag-pub-streaming-prime-video","19":"tag-svod"},"share_on_mastodon":{"url":"https:\/\/pubeurope.com\/@fr\/114961542238818410","error":""},"_links":{"self":[{"href":"https:\/\/www.europesays.com\/fr\/wp-json\/wp\/v2\/posts\/292308","targetHints":{"allow":["GET"]}}],"collection":[{"href":"https:\/\/www.europesays.com\/fr\/wp-json\/wp\/v2\/posts"}],"about":[{"href":"https:\/\/www.europesays.com\/fr\/wp-json\/wp\/v2\/types\/post"}],"author":[{"embeddable":true,"href":"https:\/\/www.europesays.com\/fr\/wp-json\/wp\/v2\/users\/2"}],"replies":[{"embeddable":true,"href":"https:\/\/www.europesays.com\/fr\/wp-json\/wp\/v2\/comments?post=292308"}],"version-history":[{"count":0,"href":"https:\/\/www.europesays.com\/fr\/wp-json\/wp\/v2\/posts\/292308\/revisions"}],"wp:featuredmedia":[{"embeddable":true,"href":"https:\/\/www.europesays.com\/fr\/wp-json\/wp\/v2\/media\/292309"}],"wp:attachment":[{"href":"https:\/\/www.europesays.com\/fr\/wp-json\/wp\/v2\/media?parent=292308"}],"wp:term":[{"taxonomy":"category","embeddable":true,"href":"https:\/\/www.europesays.com\/fr\/wp-json\/wp\/v2\/categories?post=292308"},{"taxonomy":"post_tag","embeddable":true,"href":"https:\/\/www.europesays.com\/fr\/wp-json\/wp\/v2\/tags?post=292308"}],"curies":[{"name":"wp","href":"https:\/\/api.w.org\/{rel}","templated":true}]}}