{"id":292310,"date":"2025-08-02T22:31:24","date_gmt":"2025-08-02T22:31:24","guid":{"rendered":"https:\/\/www.europesays.com\/fr\/292310\/"},"modified":"2025-08-02T22:31:24","modified_gmt":"2025-08-02T22:31:24","slug":"le-parking-peyramale-devoile-les-fresques-oubliees-du-peintre-cortes","status":"publish","type":"post","link":"https:\/\/www.europesays.com\/fr\/292310\/","title":{"rendered":"Le parking Peyramale d\u00e9voile les fresques oubli\u00e9es du peintre Cort\u00e8s"},"content":{"rendered":"<p>Lors de l\u2019inauguration du parking Peyramale, les personnes pr\u00e9sentes ont pu d\u00e9couvrir des fresques qui ornaient les murs. Des \u0153uvres du peintre Cort\u00e8s que chaque automobiliste pourra d\u00e9sormais contempler \u00e0 loisir comme l\u2019a expliqu\u00e9 le maire de Lourdes\u00a0: \u00ab\u00a0je veux souligner la pr\u00e9sence d\u2019une \u0153uvre embl\u00e9matique de ce lieu, \u00e0 savoir, une grande partie des fresques d\u2019origine du peintre Cort\u00e8s qui ont pu \u00eatre conserv\u00e9es et prot\u00e9g\u00e9es tout au long des travaux\u00a0\u00bb. De belles sc\u00e8nes, en lien avec Lourdes mais pas seulement puisqu\u2019on y voit aussi Cyrano de Bergerac qui semble poser devant le ch\u00e2teau de Lourdes\u00a0: \u00ab\u00a0Ces \u0153uvres magnifiques qui embellissent l\u2019architecture du parking sont un lien fort avec notre patrimoine artistique et culturel\u00a0\u00bb.<\/p>\n<p>La fille de l\u2019artiste, Anne-B\u00e9atrice Cort\u00e8s, avait fait le d\u00e9placement pour l\u2019occasion en toute discr\u00e9tion et c\u2019est \u00e0 elle que le maire s\u2019est adress\u00e9\u00a0: \u00a0\u00bb Mes remerciements appuy\u00e9s \u00e0 vous madame qui \u00eates la fille du peintre pour votre pr\u00e9sence parmi nous aujourd\u2019hui, pour votre attachement \u00e0 l\u2019\u0153uvre de votre p\u00e8re et \u00e0 la ville de Lourdes\u00a0\u00bb.<\/p>\n<p>Des fresques visibles d\u00e8s d\u2019entr\u00e9e au parking qui se change en mus\u00e9e au gr\u00e9 des visites.<\/p>\n","protected":false},"excerpt":{"rendered":"Lors de l\u2019inauguration du parking Peyramale, les personnes pr\u00e9sentes ont pu d\u00e9couvrir des fresques qui ornaient les murs.&hellip;\n","protected":false},"author":2,"featured_media":292311,"comment_status":"","ping_status":"","sticky":false,"template":"","format":"standard","meta":{"footnotes":""},"categories":[1358],"tags":[1348,1384,1385,1386,58,59,1011,27],"class_list":{"0":"post-292310","1":"post","2":"type-post","3":"status-publish","4":"format-standard","5":"has-post-thumbnail","7":"category-arts-et-design","8":"tag-arts","9":"tag-arts-and-design","10":"tag-arts-et-design","11":"tag-design","12":"tag-divertissement","13":"tag-entertainment","14":"tag-fr","15":"tag-france"},"share_on_mastodon":{"url":"https:\/\/pubeurope.com\/@fr\/114961546243436621","error":""},"_links":{"self":[{"href":"https:\/\/www.europesays.com\/fr\/wp-json\/wp\/v2\/posts\/292310","targetHints":{"allow":["GET"]}}],"collection":[{"href":"https:\/\/www.europesays.com\/fr\/wp-json\/wp\/v2\/posts"}],"about":[{"href":"https:\/\/www.europesays.com\/fr\/wp-json\/wp\/v2\/types\/post"}],"author":[{"embeddable":true,"href":"https:\/\/www.europesays.com\/fr\/wp-json\/wp\/v2\/users\/2"}],"replies":[{"embeddable":true,"href":"https:\/\/www.europesays.com\/fr\/wp-json\/wp\/v2\/comments?post=292310"}],"version-history":[{"count":0,"href":"https:\/\/www.europesays.com\/fr\/wp-json\/wp\/v2\/posts\/292310\/revisions"}],"wp:featuredmedia":[{"embeddable":true,"href":"https:\/\/www.europesays.com\/fr\/wp-json\/wp\/v2\/media\/292311"}],"wp:attachment":[{"href":"https:\/\/www.europesays.com\/fr\/wp-json\/wp\/v2\/media?parent=292310"}],"wp:term":[{"taxonomy":"category","embeddable":true,"href":"https:\/\/www.europesays.com\/fr\/wp-json\/wp\/v2\/categories?post=292310"},{"taxonomy":"post_tag","embeddable":true,"href":"https:\/\/www.europesays.com\/fr\/wp-json\/wp\/v2\/tags?post=292310"}],"curies":[{"name":"wp","href":"https:\/\/api.w.org\/{rel}","templated":true}]}}