{"id":292312,"date":"2025-08-02T22:32:14","date_gmt":"2025-08-02T22:32:14","guid":{"rendered":"https:\/\/www.europesays.com\/fr\/292312\/"},"modified":"2025-08-02T22:32:14","modified_gmt":"2025-08-02T22:32:14","slug":"la-montagne-a-la-une-du-8-au-10-aout-2025","status":"publish","type":"post","link":"https:\/\/www.europesays.com\/fr\/292312\/","title":{"rendered":"La Montagne \u00e0 la Une du 8 au 10 a\u00f4ut 2025"},"content":{"rendered":"<p>Contenu con\u00e7u et propos\u00e9 par EBRA Inspirations en partenariat avec EBRA Inspirations est une marque qui valorise les contenus r\u00e9dactionnels promotionnels.<br \/>La r\u00e9daction n&rsquo;a pas particip\u00e9 \u00e0 la r\u00e9alisation de cet article.<\/p>\n<p>                                                    <img decoding=\"async\" src=\"https:\/\/www.europesays.com\/fr\/wp-content\/uploads\/2025\/08\/title-1753359605.jpg\" alt=\"\"\/><\/p>\n<p>Ev\u00e9nement culturel phare de l\u2019\u00e9t\u00e9 \u00e0 Passy et au Pays du Mont-Blanc, c\u2019est sur le th\u00e8me de <strong>l\u2019avenir <\/strong>que se d\u00e9cline la 35e \u00e9dition du <strong>Salon international du livre de montagne.<\/strong> Les publics de toutes \u00a0g\u00e9n\u00e9rations sont attendus afin de d\u00e9couvrir les r\u00e9cits et les romans, les bandes dessin\u00e9es, les ouvrages de litt\u00e9rature jeunesse, d\u2019images de montagne mis \u00e0 l\u2019honneur.<\/p>\n<ul class=\"galerieContent carousel-wrapper__slides\" id=\"94b0e0eb-a78a-4275-b6de-1c475a3ed272\">        &#13;<\/p>\n<li class=\"carousel-wrapper__slides--slide item\" id=\"slide-1\">&#13;<br \/>\n                                    &#13;<br \/>\n                        <a class=\"chocolat-image GA-tracking\" data-ga_type=\"click\" data-ga_category=\"D\u00e9tail\" data-ga_action=\"zoomer\" data-ga_label=\"aggrandir image\" href=\"https:\/\/cdn-s-www.ledauphine.com\/images\/6b7c1c41-7a27-4610-9ab5-5b155919dcf8\/NW_raw\/title-1753712289.jpg\" title=\"\" target=\"_blank\" rel=\"noopener\">&#13;<br \/>\n                            <img decoding=\"async\" src=\"https:\/\/www.europesays.com\/fr\/wp-content\/uploads\/2025\/08\/title-1753712289.jpg\"   alt=\"\" fetchpriority=\"high\" data-mobile=\"NW_listA_M|1753712289\" data-base=\"NW_listA|1753712289\"\/>&#13;<br \/>\n                        <\/a>&#13;<br \/>\n                        &#13;<br \/>\n                                           &#13;\n                <\/li>\n<p>&#13;<br \/>\n            &#13;<\/p>\n<li class=\"carousel-wrapper__slides--slide item\" id=\"slide-2\">&#13;<br \/>\n                                    &#13;<br \/>\n                        <a class=\"chocolat-image GA-tracking\" data-ga_type=\"click\" data-ga_category=\"D\u00e9tail\" data-ga_action=\"zoomer\" data-ga_label=\"aggrandir image\" href=\"https:\/\/cdn-s-www.ledauphine.com\/images\/3f5ed998-a001-4e50-a2bf-ab1c021be011\/NW_raw\/title-1753712289.jpg\" title=\"\" target=\"_blank\" rel=\"noopener\">&#13;<br \/>\n                            <img decoding=\"async\" src=\"https:\/\/www.europesays.com\/fr\/wp-content\/uploads\/2025\/08\/1754173934_714_title-1753712289.jpg\"   alt=\"\" loading=\"lazy\" fetchpriority=\"low\" data-mobile=\"NW_listA_M|1753712289\" data-base=\"NW_listA|1753712289\"\/>&#13;<br \/>\n                        <\/a>&#13;<br \/>\n                        &#13;<br \/>\n                                           &#13;\n                <\/li>\n<p>&#13;<br \/>\n            &#13;\n                <\/ul>\n<p>De la montagne au futur incertain \u00e0 l\u2019avenir d\u2019un monde malmen\u00e9 par les exc\u00e8s de l\u2019activit\u00e9 humaine et les al\u00e9as du climat, plusieurs temps forts sont tr\u00e8s attendus\u00a0:<\/p>\n<ul>\n<li><strong>Samedi 9 ao\u00fbt\u00a0:<\/strong> un \u00e9change avec le physicien Etienne Klein \u00e0 propos de l\u2019existence de \u00ab L\u2019avenir du futur\u00a0\u00bb et une rencontre sur \u00ab\u00a0L\u2019\u00e9volution des glaciers\u00a0\u00bb avec le glaciologue Sylvain Coutterand, pr\u00e9sident d\u2019honneur de cette nouvelle \u00e9dition, et le photographe Olivier de Sepibus.<\/li>\n<li><strong>Samedi 9 et dimanche 10 ao\u00fbt\u00a0:<\/strong> les carnets de l\u2019aventure au c\u0153ur du N\u00e9pal, du Groenland d\u2019est en ouest et aux abords de la mer d\u2019Aral sans oublier les Alpes dont il est urgent de pr\u00e9server les \u00e9quilibres \u00e9cologiques et sociaux.<\/li>\n<\/ul>\n<p>    &#13;<br \/>\n    &#13;<br \/>\n    &#13;<br \/>\n    <a href=\"https:\/\/cdn-s-www.ledauphine.com\/images\/e36b7387-40a0-4ed8-a28d-67a0ee368680\/NW_raw\/m-s-coutterand-1753360406.jpg\" title=\"M. S COUTTERAND\" class=\"chocolat-image GA-tracking\" data-ga_type=\"click\" data-ga_category=\"D\u00e9tail\" data-ga_action=\"zoomer\" data-ga_label=\"aggrandir image\" target=\"_blank\" rel=\"noopener\">&#13;<br \/>\n        <img src=\"https:\/\/www.europesays.com\/fr\/wp-content\/uploads\/2025\/08\/m-s-coutterand-1753360406.jpg\"   alt=\"M. S COUTTERAND\" fetchpriority=\"high\" decoding=\"async\" data-mobile=\"NW_listA_M|1753360406\" data-base=\"NW_listA|1753360406\"\/>&#13;<br \/>\n    <\/a>&#13;<\/p>\n<p>M. S COUTTERAND<\/p>\n<p>Tout au long du week-end, l\u2019espoir d\u2019une montagne \u00ab\u00a0 r\u00e9invent\u00e9e\u00a0\u00bb \u00e0 travers des tables rondes port\u00e9es par la pr\u00e9sidente de Mountain Wilderness, Fiona Mille, le journaliste Guillaume Desmurs, le juriste Fran\u00e7ois Garde, et le skieur Franck Piccard.<\/p>\n<p>La litt\u00e9rature de montagne n\u2019est pas oubli\u00e9e avec la pr\u00e9sentation des parutions r\u00e9centes et un clin d\u2019\u0153il aux sanatoriums d\u2019Assy dont l\u2019\u00e2me plane toujours dans les romans.<\/p>\n<p>Le salon international du livre de montagne de Passy offre un programme riche et vari\u00e9 avec, pendant trois jours, d\u00e9dicaces, tables rondes, conf\u00e9rences, expositions, rencontres litt\u00e9raires, films, livres anciens ou encore animations po\u00e9tiques et ludiques.<\/p>\n<p><strong>Alors, trouvez du bonheur dans les livres de montagne et rendez-vous du 8 au 10 ao\u00fbt 2025 au Parvis des Fiz de Passy.<\/strong><\/p>\n<p class=\"insetTitle\">INFOS PRATIQUES<\/p>\n<p><strong>Programme d\u00e9taill\u00e9 sur le site\u00a0:<\/strong><\/p>\n<p><a href=\"http:\/\/salondulivrepassy.com\" target=\"_blank\" rel=\"noopener\">http:\/\/salondulivrepassy.com<\/a><\/p>\n<p><strong>Tarif \u00a0:\u00a0<\/strong>5\u20ac par adulte et gratuit pour les enfants.<\/p>\n<p>Restauration sur place. Salle climatis\u00e9e.<\/p>\n<p>&#13;<br \/>\n    &#13;\n                                         <\/p>\n<p>&#13;<br \/>\n                                            Contenu con\u00e7u et propos\u00e9 par EBRA inspirations&#13;<br \/>\n                        avec Association Montagnes en Pages&#13;\n                                    <\/p>\n","protected":false},"excerpt":{"rendered":"Contenu con\u00e7u et propos\u00e9 par EBRA Inspirations en partenariat avec EBRA Inspirations est une marque qui valorise les&hellip;\n","protected":false},"author":2,"featured_media":292313,"comment_status":"","ping_status":"","sticky":false,"template":"","format":"standard","meta":{"footnotes":""},"categories":[1357],"tags":[7884,1379,58,59,1011,27,1380],"class_list":{"0":"post-292312","1":"post","2":"type-post","3":"status-publish","4":"format-standard","5":"has-post-thumbnail","7":"category-livres","8":"tag-articles-partenaires","9":"tag-books","10":"tag-divertissement","11":"tag-entertainment","12":"tag-fr","13":"tag-france","14":"tag-livres"},"share_on_mastodon":{"url":"https:\/\/pubeurope.com\/@fr\/114961550261210987","error":""},"_links":{"self":[{"href":"https:\/\/www.europesays.com\/fr\/wp-json\/wp\/v2\/posts\/292312","targetHints":{"allow":["GET"]}}],"collection":[{"href":"https:\/\/www.europesays.com\/fr\/wp-json\/wp\/v2\/posts"}],"about":[{"href":"https:\/\/www.europesays.com\/fr\/wp-json\/wp\/v2\/types\/post"}],"author":[{"embeddable":true,"href":"https:\/\/www.europesays.com\/fr\/wp-json\/wp\/v2\/users\/2"}],"replies":[{"embeddable":true,"href":"https:\/\/www.europesays.com\/fr\/wp-json\/wp\/v2\/comments?post=292312"}],"version-history":[{"count":0,"href":"https:\/\/www.europesays.com\/fr\/wp-json\/wp\/v2\/posts\/292312\/revisions"}],"wp:featuredmedia":[{"embeddable":true,"href":"https:\/\/www.europesays.com\/fr\/wp-json\/wp\/v2\/media\/292313"}],"wp:attachment":[{"href":"https:\/\/www.europesays.com\/fr\/wp-json\/wp\/v2\/media?parent=292312"}],"wp:term":[{"taxonomy":"category","embeddable":true,"href":"https:\/\/www.europesays.com\/fr\/wp-json\/wp\/v2\/categories?post=292312"},{"taxonomy":"post_tag","embeddable":true,"href":"https:\/\/www.europesays.com\/fr\/wp-json\/wp\/v2\/tags?post=292312"}],"curies":[{"name":"wp","href":"https:\/\/api.w.org\/{rel}","templated":true}]}}