{"id":292316,"date":"2025-08-02T22:34:10","date_gmt":"2025-08-02T22:34:10","guid":{"rendered":"https:\/\/www.europesays.com\/fr\/292316\/"},"modified":"2025-08-02T22:34:10","modified_gmt":"2025-08-02T22:34:10","slug":"jai-du-agrandir-maxime-le-forestier-sa-maison-entouree-de-prairies-quil-a-retapee-dans-le-vendomois","status":"publish","type":"post","link":"https:\/\/www.europesays.com\/fr\/292316\/","title":{"rendered":"\u00ab\u00a0J&rsquo;ai d\u00fb agrandir\u00a0\u00bb : Maxime Le Forestier, sa maison entour\u00e9e de prairies, qu&rsquo;il a retap\u00e9e dans le Vend\u00f4mois"},"content":{"rendered":"<p>La suite apr\u00e8s la publicit\u00e9<\/p>\n<p><a href=\"https:\/\/www.purepeople.com\/people\/maxime-le-forestier_p1126\" rel=\"nofollow noopener\" target=\"_blank\">Maxime Le Forestier<\/a> avait accord\u00e9 une interview \u00e0 nos confr\u00e8res de C\u00f4t\u00e9 Maison, qui ont pu lui rendre visite dans <a href=\"https:\/\/www.purepeople.com\/article\/exclu-un-endroit-tres-isole-sans-voisins-maxime-le-forestier-a-trouve-refuge-dans-un-ancien-moulin-du-loir-et-cher-il-y-a-50-ans_a534232\/1\" rel=\"nofollow noopener\" target=\"_blank\">sa maison de campagne dans le Vend\u00f4mois<\/a>. Le chanteur et auteur-compositeur<strong> s\u2019y \u00e9tait install\u00e9 en 1978<\/strong>, six ans apr\u00e8s la sortie de son tube qui<a href=\"https:\/\/www.purepeople.com\/article\/maxime-le-forestier-sa-celebre-maison-bleue-vendue-a-un-tres-bon-prix_a374813\/1\" rel=\"nofollow noopener\" target=\"_blank\"> \u00e9voquait une maison dans laquelle il avait v\u00e9cu plus jeune.<\/a><\/p>\n<p>C\u2019est donc<strong> 47 ans de souvenirs <\/strong>qui se trouvent entre ses murs. \u00ab\u00a0J&rsquo;ai du mobilier qui me suit depuis mes d\u00e9buts [&#8230;] Dans cette maison, il y a toutes les strates de ma vie. C&rsquo;est elle qui garde&#8230;\u00a0\u00bb a confi\u00e9 Maxime Le Forestier.<\/p>\n<p>Cette demeure garde notamment le souvenir d\u2019un certain Yann Kersal\u00e9, \u00e0 qui il avait laiss\u00e9 sa maison en 1982 alors qu\u2019il partait au Br\u00e9sil pour plusieurs mois. \u00ab\u00a0Il s&rsquo;installe chez moi et \u00e0 mon retour, \u00e0 la place du mur o\u00f9 se trouvaient des placards peints en gris, je d\u00e9couvre une fresque magnifique : &lsquo;Tu m&rsquo;as dit de faire comme chez moi et moi, j&rsquo;ai peint les murs !&rsquo;, me lance-t-il en voyant ma t\u00eate. Cette maison est remplie de souvenirs, de traces laiss\u00e9es par mes copains artistes. Cette fresque est toujours l\u00e0&#8230;\u00a0\u00bb, avait-il racont\u00e9.<\/p>\n<p>Une maison de campagne qui m\u00e9lange les styles<\/p>\n<p>C\u2019est donc <strong>une maison qui a du v\u00e9cu<\/strong>, dans laquelle<a href=\"https:\/\/www.purepeople.com\/article\/-il-est-ne-avec-maxime-le-forestier-rares-confidences-sur-son-fils-philippe-atteint-de-surdite-severe_a519606\/1\" rel=\"nofollow noopener\" target=\"_blank\"> le p\u00e8re de Philippe<\/a> vit paisiblement, lui qui a f\u00eat\u00e9 ses 76 ans en f\u00e9vrier dernier. La cuisine est l\u2019une des pi\u00e8ces les plus parlantes lorsqu\u2019il s\u2019agit de montrer <strong>\u00e0 quel point cette maison a travers\u00e9 les ann\u00e9es. <\/strong>\u00ab\u00a0Il y a eu deux grands chantiers, le premier en 1979 et plus r\u00e9cemment. Elle correspond donc \u00e0 deux \u00e9poques et deux styles parce que j&rsquo;y ai dessin\u00e9 tous les meubles\u00a0\u00bb, a confi\u00e9 celui qui avait \u00e9t\u00e9 <a href=\"https:\/\/www.purepeople.com\/article\/maxime-le-forestier-pris-d-un-malaise-sur-scene-images-impressionnantes-de-son-evacuation_a515395\/1\" rel=\"nofollow noopener\" target=\"_blank\">victime d\u2019un malaise sur sc\u00e8ne en 2023.<\/a><\/p>\n<p>Il avait fait appel aux services d\u2019un mar\u00e9chal-ferrant pour concevoir \u00ab\u00a0une structure en corni\u00e8re\u00a0\u00bb avant de devoir faire d\u2019autres travaux bien des ann\u00e9es plus tard, ce qui a donn\u00e9 lieu \u00e0 <strong>un m\u00e9lange assez original<\/strong>, mais qui convient parfaitement aux go\u00fbts de Maxime Le Forestier. \u00ab\u00a0J&rsquo;ai d\u00fb agrandir car en s&rsquo;\u00e9quipant, la maison pouvait accueillir plus de monde. [&#8230;] Les deux styles cohabitent, on voit imm\u00e9diatement la partie plus jeune car les finitions ne sont pas les m\u00eames&#8230; et il n&rsquo;y a pas la maladresse de la premi\u00e8re \u00e9poque mais l&rsquo;ensemble est unique !\u00a0\u00bb, avait-il poursuivi.<\/p>\n<p>Maxime Le Forestier vit dans un v\u00e9ritable \u00ab\u00a0havre de paix\u00a0\u00bb<\/p>\n<p>Autre caract\u00e9ristique de cette maison : \u00ab\u00a0les portables ne passent pas et il n&rsquo;y a pas internet\u00a0\u00bb. Maxime Le Forestier est donc <strong>coup\u00e9 du monde <\/strong>dans ce qu\u2019il qualifie comme \u00e9tant \u00ab\u00a0un havre de paix\u00a0\u00bb. \u00ab\u00a0Ici, les fuseaux horaires ne passent pas, ils font le d\u00e9tour ! Les heures, c&rsquo;est n&rsquo;importe quoi, on d\u00e9jeune \u00e0 16 heures&#8230; Ici c&rsquo;est un monde \u00e0 part. J&rsquo;ai \u00e9crit beaucoup de mes chansons dans cette maison&#8230;\u00a0\u00bb, a ajout\u00e9 l\u2019artiste, qui a su trouver<strong> sa demeure de r\u00eave<\/strong> loin de sa fameuse maison bleue.<\/p>\n","protected":false},"excerpt":{"rendered":"La suite apr\u00e8s la publicit\u00e9 Maxime Le Forestier avait accord\u00e9 une interview \u00e0 nos confr\u00e8res de C\u00f4t\u00e9 Maison,&hellip;\n","protected":false},"author":2,"featured_media":292317,"comment_status":"","ping_status":"","sticky":false,"template":"","format":"standard","meta":{"footnotes":""},"categories":[1355],"tags":[58,59,1011,27,1361,873],"class_list":{"0":"post-292316","1":"post","2":"type-post","3":"status-publish","4":"format-standard","5":"has-post-thumbnail","7":"category-musique","8":"tag-divertissement","9":"tag-entertainment","10":"tag-fr","11":"tag-france","12":"tag-music","13":"tag-musique"},"share_on_mastodon":{"url":"https:\/\/pubeurope.com\/@fr\/114961558100915698","error":""},"_links":{"self":[{"href":"https:\/\/www.europesays.com\/fr\/wp-json\/wp\/v2\/posts\/292316","targetHints":{"allow":["GET"]}}],"collection":[{"href":"https:\/\/www.europesays.com\/fr\/wp-json\/wp\/v2\/posts"}],"about":[{"href":"https:\/\/www.europesays.com\/fr\/wp-json\/wp\/v2\/types\/post"}],"author":[{"embeddable":true,"href":"https:\/\/www.europesays.com\/fr\/wp-json\/wp\/v2\/users\/2"}],"replies":[{"embeddable":true,"href":"https:\/\/www.europesays.com\/fr\/wp-json\/wp\/v2\/comments?post=292316"}],"version-history":[{"count":0,"href":"https:\/\/www.europesays.com\/fr\/wp-json\/wp\/v2\/posts\/292316\/revisions"}],"wp:featuredmedia":[{"embeddable":true,"href":"https:\/\/www.europesays.com\/fr\/wp-json\/wp\/v2\/media\/292317"}],"wp:attachment":[{"href":"https:\/\/www.europesays.com\/fr\/wp-json\/wp\/v2\/media?parent=292316"}],"wp:term":[{"taxonomy":"category","embeddable":true,"href":"https:\/\/www.europesays.com\/fr\/wp-json\/wp\/v2\/categories?post=292316"},{"taxonomy":"post_tag","embeddable":true,"href":"https:\/\/www.europesays.com\/fr\/wp-json\/wp\/v2\/tags?post=292316"}],"curies":[{"name":"wp","href":"https:\/\/api.w.org\/{rel}","templated":true}]}}