{"id":292320,"date":"2025-08-02T22:36:12","date_gmt":"2025-08-02T22:36:12","guid":{"rendered":"https:\/\/www.europesays.com\/fr\/292320\/"},"modified":"2025-08-02T22:36:12","modified_gmt":"2025-08-02T22:36:12","slug":"au-pays-de-pasteur-cest-quand-meme-fou-le-ministre-de-la-sante-remet-la-pression-sur-la-vaccination-des-personnels-soignants","status":"publish","type":"post","link":"https:\/\/www.europesays.com\/fr\/292320\/","title":{"rendered":"\u00ab\u00a0Au pays de Pasteur, c&rsquo;est quand m\u00eame fou&#8230;\u00a0\u00bb : le ministre de la Sant\u00e9 remet la pression sur la vaccination des personnels soignants"},"content":{"rendered":"<p>\n                                                                Sur France Info, Yannick Neuder a d\u00e9plor\u00e9 un taux de vaccination contre la grippe trop faible. Il refuse toutefois de l\u2019imposer.\n                            <\/p>\n<p>\u00ab\u00a0Au pays de Pasteur, au pays des Lumi\u00e8res, c\u2019est quand m\u00eame fou qu\u2019on arrive \u00e0 ce que 20\u2005% seulement des soignants soient vaccin\u00e9s.\u00a0\u00bb<\/p>\n<p>M\u00eame au c\u0153ur de l\u2019\u00e9t\u00e9, la petite phrase de Yannick Neuder au micro de France Info n\u2019est pas pass\u00e9e inaper\u00e7ue.Le ministre de la Sant\u00e9 a d\u00e9plor\u00e9 certaines donn\u00e9es du rapport de la Haute Autorit\u00e9 de sant\u00e9 sur la p\u00e9riode hivernale 2023-2024, notamment la couverture vaccinale contre la grippe des personnels soignants qui n\u2019a atteint que 19\u2005%, alors que la derni\u00e8re \u00e9pid\u00e9mie, l\u2019hiver dernier, a rappel\u00e9 qu\u2019elle peut s\u2019av\u00e9rer particuli\u00e8rement mortelle.<\/p>\n<p>47,7 % des Fran\u00e7ais vaccin\u00e9s<\/p>\n<p>\u00c0 titre de comparaison, selon les donn\u00e9es de Sant\u00e9 publique France, parmi la population g\u00e9n\u00e9rale, 47,7\u2005% des Fran\u00e7ais s\u2019\u00e9taient fait vacciner durant ce m\u00eame hiver contre la grippe saisonni\u00e8re.<\/p>\n<p>\u00ab\u00a0Des pathologies reviennent en force. Je pense donc qu\u2019on a un message de sant\u00e9 publique \u00e0 faire passer, encore plus quand on est soignant\u00a0\u00bb, a comment\u00e9 le ministre, appelant \u00ab\u00a0l\u2019ensemble des professionnels de sant\u00e9 de France, qu\u2019ils soient dans un h\u00f4pital public, priv\u00e9, dans un \u00e9tablissement m\u00e9dico-social, \u00e0 donner l\u2019exemple et \u00e0 se vacciner. Parce que quand vous \u00eates patient, c\u2019est quand m\u00eame plut\u00f4t tranquillisant de voir que votre professionnel de sant\u00e9 s\u2019est vaccin\u00e9.\u00a0\u00bb<\/p>\n<p>Miser sur \u00ab\u00a0la p\u00e9dagogie\u00a0\u00bb<\/p>\n<p>Alors qu\u2019une proposition de loi \u00ab\u00a0visant \u00e0 r\u00e9tablir l\u2019obligation de vaccination contre la grippe pour les professionnels de sant\u00e9 et \u00e0 permettre son remboursement pour tous\u00a0\u00bb a \u00e9t\u00e9 d\u00e9pos\u00e9e le 11 juillet dernier par plusieurs d\u00e9put\u00e9s, dont l\u2019ancienne ministre Agn\u00e8s Firmin Le Bodo, Yannick Neuder ne souhaite pas s\u2019engager dans cette voie, pr\u00e9f\u00e9rant \u2013 pour l\u2019heure \u2013 miser sur \u00ab\u00a0la p\u00e9dagogie\u00a0\u00bb. Il a en revanche indiqu\u00e9 que des discussions existent autour de l\u2019obligation de la vaccination qui pourrait \u00eatre impos\u00e9e aux r\u00e9sidants des Ehpad. Nuan\u00e7ant toutefois\u2005: \u00ab\u00a0Le taux de vaccination des patients en Ehpad est d\u00e9j\u00e0 important, autour de 85\u2005%, je ne suis pas s\u00fbr qu\u2019il y aura forc\u00e9ment un \u00e9norme gain.\u00a0\u00bb Il a rappel\u00e9 tout de m\u00eame que cela reste \u00ab\u00a0fortement conseill\u00e9\u00a0\u00bb.<\/p>\n","protected":false},"excerpt":{"rendered":"Sur France Info, Yannick Neuder a d\u00e9plor\u00e9 un taux de vaccination contre la grippe trop faible. Il refuse&hellip;\n","protected":false},"author":2,"featured_media":292321,"comment_status":"","ping_status":"","sticky":false,"template":"","format":"standard","meta":{"footnotes":""},"categories":[10],"tags":[1011,27,72,71],"class_list":{"0":"post-292320","1":"post","2":"type-post","3":"status-publish","4":"format-standard","5":"has-post-thumbnail","7":"category-sante","8":"tag-fr","9":"tag-france","10":"tag-health","11":"tag-sante"},"share_on_mastodon":{"url":"https:\/\/pubeurope.com\/@fr\/114961565903403298","error":""},"_links":{"self":[{"href":"https:\/\/www.europesays.com\/fr\/wp-json\/wp\/v2\/posts\/292320","targetHints":{"allow":["GET"]}}],"collection":[{"href":"https:\/\/www.europesays.com\/fr\/wp-json\/wp\/v2\/posts"}],"about":[{"href":"https:\/\/www.europesays.com\/fr\/wp-json\/wp\/v2\/types\/post"}],"author":[{"embeddable":true,"href":"https:\/\/www.europesays.com\/fr\/wp-json\/wp\/v2\/users\/2"}],"replies":[{"embeddable":true,"href":"https:\/\/www.europesays.com\/fr\/wp-json\/wp\/v2\/comments?post=292320"}],"version-history":[{"count":0,"href":"https:\/\/www.europesays.com\/fr\/wp-json\/wp\/v2\/posts\/292320\/revisions"}],"wp:featuredmedia":[{"embeddable":true,"href":"https:\/\/www.europesays.com\/fr\/wp-json\/wp\/v2\/media\/292321"}],"wp:attachment":[{"href":"https:\/\/www.europesays.com\/fr\/wp-json\/wp\/v2\/media?parent=292320"}],"wp:term":[{"taxonomy":"category","embeddable":true,"href":"https:\/\/www.europesays.com\/fr\/wp-json\/wp\/v2\/categories?post=292320"},{"taxonomy":"post_tag","embeddable":true,"href":"https:\/\/www.europesays.com\/fr\/wp-json\/wp\/v2\/tags?post=292320"}],"curies":[{"name":"wp","href":"https:\/\/api.w.org\/{rel}","templated":true}]}}