{"id":292322,"date":"2025-08-02T22:37:10","date_gmt":"2025-08-02T22:37:10","guid":{"rendered":"https:\/\/www.europesays.com\/fr\/292322\/"},"modified":"2025-08-02T22:37:10","modified_gmt":"2025-08-02T22:37:10","slug":"jusqua-present-je-suis-tres-satisfait-juge-roberto-de-zerbi-apres-le-nul-au-velodrome","status":"publish","type":"post","link":"https:\/\/www.europesays.com\/fr\/292322\/","title":{"rendered":"\u00ab\u00a0Jusqu&rsquo;\u00e0 pr\u00e9sent, je suis tr\u00e8s satisfait\u00a0\u00bb, juge Roberto De Zerbi apr\u00e8s le nul au V\u00e9lodrome"},"content":{"rendered":"<p><strong>Quelles sont vos impressions apr\u00e8s le r\u00e9sultat nul contre S\u00e9ville ?<\/strong>&#13;\n<\/p>\n<p>Il y a plein de choses positives \u00e0 retenir du point de vue du jeu, de l&rsquo;attitude, de l&rsquo;agressivit\u00e9. <a href=\"https:\/\/www.laprovence.com\/article\/om\/2232487642203515\/om-on-a-besoin-dautres-recrues-lance-roberto-de-zerbi-apres-le-succes-contre-gerone\" target=\"_blank\" rel=\"noopener\">Les nouvelles recrues Angel (Gomes), CJ (Egan-Riley), Facundo (Medina)<\/a>, Pierre-Emerick (Aubameyang) ont bien jou\u00e9, comme s&rsquo;ils \u00e9taient l\u00e0 depuis longtemps. Mais ici <a href=\"https:\/\/www.laprovence.com\/article\/om\/1512827609099614\/om-les-olympiens-tiennent-en-echec-valence-1-1-avant-leur-retour-a-marseille\" target=\"_blank\" rel=\"noopener\">comme face \u00e0 Valence<\/a>, on a beaucoup subi et on n&rsquo;a pas cr\u00e9\u00e9 assez d&rsquo;occasions. On doit s&rsquo;habituer \u00e0 gagner, mais je suis tr\u00e8s content dans l&rsquo;ensemble.<\/p>\n<p><strong>Vous avez test\u00e9 plusieurs choses en d\u00e9fense. Medina est-il appel\u00e9 \u00e0 rester dans l&rsquo;axe ? Egan-Riley va-t-il prendre plus de responsabilit\u00e9s ?\u00a0<\/strong>&#13;\n<\/p>\n<p><a href=\"https:\/\/www.laprovence.com\/article\/om\/84378885861303\/om-facundo-medina-les-dessous-dune-acclimatation-supersonique\" target=\"_blank\" rel=\"noopener\">Medina peut jouer d\u00e9fenseur central<\/a> quand on joue \u00e0 4, plus lat\u00e9ral si on est dans une phase de possession \u00e0 trois. Il est diff\u00e9rent de Garcia et Murillo, il a une mentalit\u00e9 tellement positive qu&rsquo;il pourrait jouer partout. <a href=\"https:\/\/www.laprovence.com\/article\/om\/44617391798565\/mercato-qui-est-cj-egan-riley-la-future-recrue-de-lom\" target=\"_blank\" rel=\"noopener\">CJ est une belle d\u00e9couverte<\/a>. Il fait de tr\u00e8s bonnes choses. Medina sera suspendu contre Rennes pour le premier match de championnat, donc CJ devrait jouer d\u00e9fenseur central contre Aston Villa pour avoir du temps de jeu et \u00eatre pr\u00eat.\u00a0<\/p>\n<p><strong>Un mot sur <a href=\"https:\/\/www.laprovence.com\/article\/om\/11686442653367\/om-on-a-tous-le-meme-rever-jouer-la-ligue-des-champions-avec-ce-club-les-minots-olympiens-clament-leurs-ambitions\" target=\"_blank\" rel=\"noopener\">les jeunes comme Bakola ou Vaz<\/a>. Comptez-vous sur eux cette saison ?<\/strong>&#13;\n<\/p>\n<p>On compte sur eux, oui. Ils auront plus de temps de jeu cette saison. Ce sont des joueurs n\u00e9s en 2007, ils sont jeunes mais ils sont avec nous car ils sont forts. Quand on est jeune, qu&rsquo;on a du talent et qu&rsquo;on est pr\u00eat, il faut \u00eatre lanc\u00e9.<\/p>\n<p><strong>Qu&rsquo;attendez-vous d&rsquo;ici la fin du mercato ?\u00a0<\/strong>&#13;\n<\/p>\n<p>Je suis d\u00e9sol\u00e9, mais je ne peux rien vous dire. Je peux vous dire en revanche que je suis tr\u00e8s content de tout ce qu&rsquo;on a fait pour le moment. Toutes les d\u00e9cisions ont \u00e9t\u00e9 prises en accord \u00e0 100% avec Pablo (Longoria) et Medhi (Benatia), que ce soit sur les arriv\u00e9es et les d\u00e9parts. On est en ligne avec la politique du club. Quand on est all\u00e9 \u00e0 Miami \u00e0 la fin de la saison, c&rsquo;\u00e9tait le plan qu&rsquo;on avait en t\u00eate. Jusqu&rsquo;\u00e0 pr\u00e9sent, tout le monde est d&rsquo;accord, moi \u00e9galement. Je peux vous assurer que je suis tr\u00e8s satisfait. Ce n&rsquo;est pas fini, dans les deux sens d&rsquo;ailleurs, mais je ne veux pas qu&rsquo;il y ait de doute.\u00a0\u00a0<\/p>\n<p><strong>Que pensez-vous du recrutement de Paixao et Aubameyang ?<\/strong>&#13;\n<\/p>\n<p>Je les aime tous les deux. <a href=\"https:\/\/www.laprovence.com\/article\/om\/4060816122111414\/om-je-suis-un-mort-de-faim-pierre-emerick-aubameyang-devoile-les-motivations-de-son-retour\" target=\"_blank\" rel=\"noopener\">\u00ab\u00a0Auba\u00a0\u00bb voulait vraiment revenir ici<\/a>, il nous a fait mal en partant l&rsquo;\u00e9t\u00e9 dernier. Je l&rsquo;ai fait rentrer seul car je voulais qu&rsquo;il puisse recevoir l&rsquo;amour du public. Il a bien r\u00e9pondu. \u00c7a n&rsquo;enl\u00e8ve rien \u00e0 (Amine) Gouiri, qui a d\u00e9j\u00e0 d\u00e9montr\u00e9 sa valeur et son talent, et qui part avantag\u00e9 par rapport \u00e0 Aubameyang. <a href=\"https:\/\/www.laprovence.com\/article\/om\/1818392387766314\/om-pourquoi-les-dirigeants-tenaient-tant-a-recruter-paixao\" target=\"_blank\" rel=\"noopener\">Pour Paixao, on voulait de la course et la capacit\u00e9 de marquer, mais aussi de d\u00e9fendre<\/a>. On va devoir attendre un peu car il a un probl\u00e8me musculaire \u00e0 la cuisse.\u00a0<\/p>\n<p><strong>\u00cates-vous heureux d&rsquo;avoir retrouv\u00e9 le stade V\u00e9lodrome ?\u00a0<\/strong>&#13;\n<\/p>\n<p>Revenir ici est toujours particulier, \u00e9mouvant. C&rsquo;est comme une crise d&rsquo;abstinence. Je suis convaincu que cette saison nous aurons moins de probl\u00e8mes au V\u00e9lodrome que la saison pass\u00e9e. Paixao a de l&rsquo;exp\u00e9rience, Medina aussi. Le risque sera vraiment de jouer tous les trois jours. Je vais devoir g\u00e9rer l&rsquo;effectif et le faire tourner afin d&rsquo;\u00e9viter les risques de blessure et les baisses de motivation.<\/p>\n<p><img alt=\"\" loading=\"lazy\" width=\"18\" height=\"18\" decoding=\"async\" data-nimg=\"1\" class=\"mx-[8px]\" style=\"color:transparent\" src=\"https:\/\/www.laprovence.com\/_next\/static\/media\/comment.b95dda91.svg\"\/>D\u00e9marrez la conversation<\/p>\n<p class=\"text-[1.8rem] mt-[32px]\">Votre opinion compte pour nous. Rejoignez la communaut\u00e9 laprovence.com en r\u00e9agissant sur l&rsquo;article OM-S\u00e9ville (1-1) : \u00ab\u00a0Jusqu&rsquo;\u00e0 pr\u00e9sent, je suis tr\u00e8s satisfait\u00a0\u00bb, juge Roberto De Zerbi apr\u00e8s le nul au V\u00e9lodrome.<\/p>\n","protected":false},"excerpt":{"rendered":"Quelles sont vos impressions apr\u00e8s le r\u00e9sultat nul contre S\u00e9ville ?&#13; Il y a plein de choses positives&hellip;\n","protected":false},"author":2,"featured_media":292323,"comment_status":"","ping_status":"","sticky":false,"template":"","format":"standard","meta":{"footnotes":""},"categories":[9],"tags":[18141,17,1011,27,12333,149,43238,8995,43239,60,758,933],"class_list":{"0":"post-292322","1":"post","2":"type-post","3":"status-publish","4":"format-standard","5":"has-post-thumbnail","7":"category-sports","8":"tag-1-1","9":"tag-17","10":"tag-fr","11":"tag-france","12":"tag-jusqua","13":"tag-om","14":"tag-om-seville","15":"tag-present","16":"tag-satisfait","17":"tag-sports","18":"tag-suis","19":"tag-tres"},"share_on_mastodon":{"url":"https:\/\/pubeurope.com\/@fr\/114961569853790457","error":""},"_links":{"self":[{"href":"https:\/\/www.europesays.com\/fr\/wp-json\/wp\/v2\/posts\/292322","targetHints":{"allow":["GET"]}}],"collection":[{"href":"https:\/\/www.europesays.com\/fr\/wp-json\/wp\/v2\/posts"}],"about":[{"href":"https:\/\/www.europesays.com\/fr\/wp-json\/wp\/v2\/types\/post"}],"author":[{"embeddable":true,"href":"https:\/\/www.europesays.com\/fr\/wp-json\/wp\/v2\/users\/2"}],"replies":[{"embeddable":true,"href":"https:\/\/www.europesays.com\/fr\/wp-json\/wp\/v2\/comments?post=292322"}],"version-history":[{"count":0,"href":"https:\/\/www.europesays.com\/fr\/wp-json\/wp\/v2\/posts\/292322\/revisions"}],"wp:featuredmedia":[{"embeddable":true,"href":"https:\/\/www.europesays.com\/fr\/wp-json\/wp\/v2\/media\/292323"}],"wp:attachment":[{"href":"https:\/\/www.europesays.com\/fr\/wp-json\/wp\/v2\/media?parent=292322"}],"wp:term":[{"taxonomy":"category","embeddable":true,"href":"https:\/\/www.europesays.com\/fr\/wp-json\/wp\/v2\/categories?post=292322"},{"taxonomy":"post_tag","embeddable":true,"href":"https:\/\/www.europesays.com\/fr\/wp-json\/wp\/v2\/tags?post=292322"}],"curies":[{"name":"wp","href":"https:\/\/api.w.org\/{rel}","templated":true}]}}