{"id":292326,"date":"2025-08-02T22:39:09","date_gmt":"2025-08-02T22:39:09","guid":{"rendered":"https:\/\/www.europesays.com\/fr\/292326\/"},"modified":"2025-08-02T22:39:09","modified_gmt":"2025-08-02T22:39:09","slug":"espionnage-voitures-non-finies-et-sac-a-dos-velo-decathlon-notre-recap-survoltes-de-la-semaine-frandroid","status":"publish","type":"post","link":"https:\/\/www.europesays.com\/fr\/292326\/","title":{"rendered":"Espionnage, voitures non finies et sac \u00e0 dos v\u00e9lo Decathlon : notre r\u00e9cap&#039; Survolt\u00e9s de la semaine &#8211; Frandroid"},"content":{"rendered":"<ol>\n<li><a href=\"https:\/\/news.google.com\/rss\/articles\/CBMi8AFBVV95cUxPSTdBUnZiUWVOSlZ0d0VuR3hxUjZDajBqUWdZalFpVGhReVJobWw2Q2tzbHhQNk9HYVdCV0JHTmlLNGRsVnJRQklsWTFTYzh1QkpJOGh0d3RUQ2lVQUE1NFZMMk44aFMtYThZQWpPaGxfWmp6Tjg5VEZBSjdsNFNZSWZtMXdxOWpSTUx6azhIR2k2ZkpUa2EybVJJOUloZExZYWZNM1lJV25uc25EekozRTc2T1hZZkNXaEZQU1E3eVhyalc1RjRqQWZjWGdVWWdaU0x4eVNZSmRIdXBpdTVXcjlhNUJqeGJpMUF5VFlJUEM?oc=5\" target=\"_blank\" rel=\"nofollow noopener\">Espionnage, voitures non finies et sac \u00e0 dos v\u00e9lo Decathlon : notre r\u00e9cap&rsquo; Survolt\u00e9s de la semaine<\/a>&nbsp;&nbsp;Frandroid<\/li>\n<li><a href=\"https:\/\/news.google.com\/rss\/articles\/CBMi0AFBVV95cUxNbWhLYVNoUXZia1VkaU9NN2xJdHRUN2NRbzNvZnN3Q0dRMmZGck9Zd1cxWEIyU041WjFXbWFRQTNibmUxWVgtVFhxa3ZoUGszRFFkTV85b1htTWw0NU1pQW1YX0VVc2FLVXdQbTRDNU9KUTJZOHhiLUVWY184YzNydXdaZEFpQzJpQ1p4UU9Lc3pVRzgyRUtvOGYxMFJJZVhFRk1wZ3JneGxWWVVMWFo1anFhcGhGVFZpRkhmTUkwd1dlTTdIUk1TU19BN1FIbC1F?oc=5\" target=\"_blank\" rel=\"nofollow noopener\">Objets connect\u00e9s : l\u2019Europe impose de nouvelles normes de s\u00e9curit\u00e9 \u00e0 partir du 1er ao\u00fbt<\/a>&nbsp;&nbsp;Le P\u00e8lerin<\/li>\n<li><a href=\"https:\/\/news.google.com\/rss\/articles\/CBMikgFBVV95cUxOVzA4eDhaNGlmQUlXaWtIOWJlZUNxY0Y4M2pleXNTcXl2WVN5SUNxQy1jcUo0cFY0a1o1dXk2QzFBRHZGaUd2dEVPakM1RVZ3d2J2dEt2T19qWkgxcFdFdFhjWFZBMGVGNFNJN3MxYTlHTm0xNjQ1QlptcGtJRWVlX2R3cl90aFRWcHRzT0Z0dV9zZw?oc=5\" target=\"_blank\" rel=\"nofollow noopener\">Cyber Resilience Act : comment s&rsquo;y pr\u00e9parer ?<\/a>&nbsp;&nbsp;L&rsquo;Usine Digitale<\/li>\n<li><a href=\"https:\/\/news.google.com\/rss\/articles\/CBMirgFBVV95cUxQcV9uSUNtWGZhRWx5Mklja2w1Y3N1Q0FMUHFvamdyYWtVTmpRNTNLVXZGT0NuR2c0VGpYM2Uzc2lUUVJIWjAxX09Td0JER2tNRDhJQnh3TGw5QmNGSE5IY21pMGdxRHhJNDNUYlZDNzdPQU1rTE8xVkxpbmJrVmZHLXR5eUo2M0lwM1lYQzM1bHBvTDNqSV9XWldlLTR6YzFNX1FtYnY1Q1h2THRWVXc?oc=5\" target=\"_blank\" rel=\"nofollow noopener\">\u00ab Cela aurait \u00e9t\u00e9 trop co\u00fbteux \u00bb : le patron de Volkswagen explique pourquoi la voiture \u00e9lectrique la moins ch\u00e8re a soudainement disparu<\/a>&nbsp;&nbsp;Frandroid<\/li>\n<li><a href=\"https:\/\/news.google.com\/rss\/articles\/CBMi4AFBVV95cUxPcjdHUEtIeUUzWE5VRHBsZU5qV3pMR0lVQ0RIM3R1X1RweFdGd0VNZnVzWE0wbHRDaTFZdmlVaTBnc0NnRUJaSkJXX0FoQmlNamhUMXN3b2locDNGa0ZtNUNLemgwcXgwcS1tQzk2ODlUTjVwSVBwdkstckRtd0NwejIxenVDTDJUX2VyWUtLUXNQLWRkdlRCX0pwQXE4bnZWTHhkOHVfSUpQR2NyaDlOTEN1bEdTWkk0TjlwVExqUkpIRWNZYjZGOHRyN0R4UUhIcS02NG55bkxhRGFSMkxyUw?oc=5\" target=\"_blank\" rel=\"nofollow noopener\">Decathlon d\u00e9gaine un nouveau sac \u00e0 dos v\u00e9lo vraiment pas cher et tr\u00e8s pratique pour vos sorties<\/a>&nbsp;&nbsp;Frandroid<\/li>\n<\/ol>\n","protected":false},"excerpt":{"rendered":"Espionnage, voitures non finies et sac \u00e0 dos v\u00e9lo Decathlon : notre r\u00e9cap&rsquo; Survolt\u00e9s de la semaine&nbsp;&nbsp;Frandroid Objets&hellip;\n","protected":false},"author":2,"featured_media":280144,"comment_status":"","ping_status":"","sticky":false,"template":"","format":"standard","meta":{"footnotes":""},"categories":[7],"tags":[1011,27,8526,43,40,41,39,42,44],"class_list":{"0":"post-292326","1":"post","2":"type-post","3":"status-publish","4":"format-standard","5":"has-post-thumbnail","7":"category-sciences-et-technologies","8":"tag-fr","9":"tag-france","10":"tag-recap-survoltes","11":"tag-science","12":"tag-science-and-technology","13":"tag-sciences","14":"tag-sciences-et-technologies","15":"tag-technologies","16":"tag-technology"},"share_on_mastodon":{"url":"https:\/\/pubeurope.com\/@fr\/114961577815331009","error":""},"_links":{"self":[{"href":"https:\/\/www.europesays.com\/fr\/wp-json\/wp\/v2\/posts\/292326","targetHints":{"allow":["GET"]}}],"collection":[{"href":"https:\/\/www.europesays.com\/fr\/wp-json\/wp\/v2\/posts"}],"about":[{"href":"https:\/\/www.europesays.com\/fr\/wp-json\/wp\/v2\/types\/post"}],"author":[{"embeddable":true,"href":"https:\/\/www.europesays.com\/fr\/wp-json\/wp\/v2\/users\/2"}],"replies":[{"embeddable":true,"href":"https:\/\/www.europesays.com\/fr\/wp-json\/wp\/v2\/comments?post=292326"}],"version-history":[{"count":0,"href":"https:\/\/www.europesays.com\/fr\/wp-json\/wp\/v2\/posts\/292326\/revisions"}],"wp:featuredmedia":[{"embeddable":true,"href":"https:\/\/www.europesays.com\/fr\/wp-json\/wp\/v2\/media\/280144"}],"wp:attachment":[{"href":"https:\/\/www.europesays.com\/fr\/wp-json\/wp\/v2\/media?parent=292326"}],"wp:term":[{"taxonomy":"category","embeddable":true,"href":"https:\/\/www.europesays.com\/fr\/wp-json\/wp\/v2\/categories?post=292326"},{"taxonomy":"post_tag","embeddable":true,"href":"https:\/\/www.europesays.com\/fr\/wp-json\/wp\/v2\/tags?post=292326"}],"curies":[{"name":"wp","href":"https:\/\/api.w.org\/{rel}","templated":true}]}}