{"id":292329,"date":"2025-08-02T22:41:13","date_gmt":"2025-08-02T22:41:13","guid":{"rendered":"https:\/\/www.europesays.com\/fr\/292329\/"},"modified":"2025-08-02T22:41:13","modified_gmt":"2025-08-02T22:41:13","slug":"le-pape-accueilli-en-rock-star-par-les-jeunes-catholiques-pour-une-veillee-de-jubile-actualites-2","status":"publish","type":"post","link":"https:\/\/www.europesays.com\/fr\/292329\/","title":{"rendered":"Le pape accueilli en rock star par les jeunes catholiques pour une veill\u00e9e de Jubil\u00e9 : Actualit\u00e9s"},"content":{"rendered":"<p class=\"lead \">Des centaines de milliers de jeunes catholiques du monde entier ont acclam\u00e9 samedi le pape L\u00e9on XIV comme une rock star pour une veill\u00e9e en plein air pr\u00e8s de Rome, point d&rsquo;orgue du Jubil\u00e9, apr\u00e8s que le nouveau chef de l&rsquo;Eglise catholique y a fait une arriv\u00e9e spectaculaire \u00e0 bord d&rsquo;un h\u00e9licopt\u00e8re.<\/p>\n<p class=\"lead \">Des p\u00e8lerins se sont \u00e9cri\u00e9s et d&rsquo;autres ont fondu en larmes au moment o\u00f9 l&rsquo;h\u00e9licopt\u00e8re militaire blanc a touch\u00e9 le sol de l&rsquo;immense esplanade de Tor Vergata situ\u00e9e \u00e0 l&rsquo;est de Rome, o\u00f9 pr\u00e8s de 800.000 jeunes fid\u00e8les venus de 146 pays, selon les organisateurs, \u00e9taient rassembl\u00e9s pour le \u00ab\u00a0Jubil\u00e9 de la Jeunesse\u00a0\u00bb qui a d\u00e9but\u00e9 lundi.<\/p>\n<p class=\"lead \">Mont\u00e9 \u00e0 bord de la papamobile, le premier pape am\u00e9ricain a affich\u00e9 un grand sourire et salu\u00e9 la foule en liesse rassembl\u00e9e le long de son parcours apr\u00e8s avoir pass\u00e9 la journ\u00e9e \u00e0 \u00e9couter de la musique, prier ou \u00e9changer avec d&rsquo;autres p\u00e8lerins sous un soleil de plomb.<\/p>\n<p class=\"lead \">\u00ab\u00a0Le pape est l\u00e0!\u00a0\u00bb, annonce une voix survolt\u00e9e \u00e0 travers les haut-parleurs, entra\u00eenant des applaudissements nourris et des cris retentissants.<\/p>\n<p class=\"lead \">Mais l&rsquo;animateur de l&rsquo;\u00e9v\u00e9nement prend rapidement une voix plus solennelle quand le pape de 69 ans monte sur la sc\u00e8ne, portant une grande croix de bois.<\/p>\n<p class=\"lead \">\u00ab\u00a0Chers jeunes gens, apr\u00e8s avoir march\u00e9, pri\u00e9 et partag\u00e9 ces jours de gr\u00e2ce du Jubil\u00e9 qui vous sont d\u00e9di\u00e9s, nous nous rassemblons maintenant dans la lumi\u00e8re de cette soir\u00e9e pour veiller ensemble\u00a0\u00bb, dit alors le pape.<\/p>\n<p class=\"lead \">Parmi les fid\u00e8les, Julia Mortier, une Fran\u00e7aise de 18 ans, a la voix enrou\u00e9e apr\u00e8s avoir cri\u00e9 et chant\u00e9 des heures durant. \u00ab\u00a0Nous sommes si heureux d&rsquo;\u00eatre l\u00e0! Voir le pape, c&rsquo;est une chance unique dans une vie\u00a0\u00bb.<\/p>\n<p class=\"lead \">Ce rassemblement a lieu pr\u00e8s de trois mois apr\u00e8s le d\u00e9but du pontificat de L\u00e9on, le premier pape am\u00e9ricain, et 25 ans apr\u00e8s le Jubil\u00e9 de l&rsquo;an 2000, lors duquel plus de deux millions de jeunes avaient particip\u00e9 aux Journ\u00e9es mondiales de la Jeunesse \u00e0 l&rsquo;appel du pape Jean Paul II.<\/p>\n<p class=\"lead \">La plupart des participants pr\u00e9voient de passer la nuit sur l&rsquo;esplanade, jusqu&rsquo;\u00e0 la grande messe de cl\u00f4ture c\u00e9l\u00e9br\u00e9e par le pape dimanche matin, point d&rsquo;orgue du Jubil\u00e9, \u00ab\u00a0Ann\u00e9e sainte\u00a0\u00bb organis\u00e9e tous les 25 ans par l&rsquo;Eglise catholique.<\/p>\n<p class=\"lead \">&#8211; Un \u00ab\u00a0Woodstock catholique\u00a0\u00bb &#8211;<\/p>\n<p class=\"lead \">Certains dans la foule sont si loin qu&rsquo;ils ne peuvent voir le pape sur l&rsquo;immense sc\u00e8ne surmont\u00e9e d&rsquo;une arche dor\u00e9e et d&rsquo;une imposante croix, dominant la vaste esplanade \u2014 qui, avec plus de 500.000 m\u00e8tres carr\u00e9s, \u00e9quivaut \u00e0 pr\u00e8s de 70 terrains de football.<\/p>\n<p class=\"lead \">\u00ab\u00a0Je suis tellement heureux d&rsquo;\u00eatre ici, m\u00eame si je suis un peu loin du pape\u00a0\u00bb, dit \u00e0 l&rsquo;AFP Andy Hewellyd, un \u00e9tudiant britannique. Depuis sa place, on ne peut voir la sc\u00e8ne que gr\u00e2ce \u00e0 un \u00e9cran g\u00e9ant.<\/p>\n<p class=\"lead \">La Rai, la radio-t\u00e9l\u00e9vision publique italienne, a qualifi\u00e9 l&rsquo;\u00e9v\u00e9nement de \u00ab\u00a0Woodstock catholique\u00a0\u00bb, alors qu&rsquo;une vingtaine de groupes de musique et de danse, pour la plupart religieux, se sont succ\u00e9d\u00e9 pendant la journ\u00e9e, avec de la musique \u00e0 plein volume.<\/p>\n<p class=\"lead \">Portant un drapeau espagnol et charg\u00e9e d&rsquo;un lourd sac \u00e0 dos, Victoria Perez, 21 ans, s&rsquo;est r\u00e9jouie d&rsquo;arriver t\u00f4t \u00ab\u00a0pour pouvoir voir de pr\u00e8s\u00a0\u00bb le chef des 1,4 milliard de catholiques.<\/p>\n<p class=\"lead \">\u00ab\u00a0C&rsquo;est la premi\u00e8re fois que je vais le voir et j&rsquo;ai h\u00e2te, alors je voulais arriver t\u00f4t pour avoir une bonne place\u00a0\u00bb, explique la jeune femme, impatiente de vivre cette \u00ab\u00a0nuit de pri\u00e8res \u00e0 la belle \u00e9toile\u00a0\u00bb.<\/p>\n<p class=\"lead \">Quentin Remaury, un Fran\u00e7ais de 26 ans, dit de son c\u00f4t\u00e9 avoir \u00e9t\u00e9 inspir\u00e9 par le message d\u00e9livr\u00e9 par le pape Fran\u00e7ois \u00e0 la jeunesse lors d&rsquo;un d\u00e9placement \u00e0 Cracovie en 2016. <\/p>\n<p class=\"lead \">\u00ab\u00a0Le pape Fran\u00e7ois nous avait dit de nous &lsquo;lever de nos divans&rsquo;, et cela m&rsquo;a vraiment donn\u00e9 un \u00e9lan\u00a0\u00bb, dit-il. <\/p>\n<p class=\"lead \">&#8211; Confessionnal \u00e0 ciel ouvert &#8211;<\/p>\n<p class=\"lead \">L&rsquo;organisation de l&rsquo;\u00e9v\u00e9nement a constitu\u00e9 un d\u00e9fi logistique hors-norme, avec quelque 10.000 personnes d\u00e9ploy\u00e9es, dont des policiers et agents de la protection civile, et des mesures sanitaires &#8211; distribution de bouteilles d&rsquo;eau et brumisateurs &#8211; pour aider les participants \u00e0 surmonter la chaleur estivale.<\/p>\n<p class=\"lead \">Le Vatican a indiqu\u00e9 que le pape avait rencontr\u00e9 et pri\u00e9 samedi avec les compagnons de voyage d&rsquo;une p\u00e8lerine \u00e9gyptienne de 18 ans, d\u00e9c\u00e9d\u00e9e vendredi soir d&rsquo;une crise cardiaque selon la Rai, alors qu&rsquo;elle rentrait en bus \u00e0 son h\u00e9bergement apr\u00e8s un \u00e9v\u00e9nement \u00e0 Rome.<\/p>\n<p class=\"lead \">Du Colis\u00e9e aux abords du Vatican en passant par la place d&rsquo;Espagne, des flots de p\u00e8lerins, exhibant les drapeaux de leurs pays, ont inond\u00e9 toute la semaine les transports et les art\u00e8res de la Cit\u00e9 \u00e9ternelle dans une ambiance festive, entre concerts, conf\u00e9rences et pri\u00e8res.<\/p>\n<p class=\"lead \">Vendredi, le c\u00e9l\u00e8bre Circus Maximus, l&rsquo;hippodrome o\u00f9 se d\u00e9roulaient les courses de chars dans la Rome antique au pied du mont Palatin, s&rsquo;est mu\u00e9 en vaste confessionnal \u00e0 ciel ouvert : un millier de pr\u00eatres y ont entendu des dizaines de milliers de jeunes en dix langues diff\u00e9rentes sous des tentes blanches.<\/p>\n","protected":false},"excerpt":{"rendered":"Des centaines de milliers de jeunes catholiques du monde entier ont acclam\u00e9 samedi le pape L\u00e9on XIV comme&hellip;\n","protected":false},"author":2,"featured_media":292330,"comment_status":"","ping_status":"","sticky":false,"template":"","format":"standard","meta":{"footnotes":""},"categories":[5],"tags":[13744,11,1011,27,14,452,12,12672,4020,4193,28],"class_list":{"0":"post-292329","1":"post","2":"type-post","3":"status-publish","4":"format-standard","5":"has-post-thumbnail","7":"category-international","8":"tag-glise","9":"tag-actualites","10":"tag-fr","11":"tag-france","12":"tag-international","13":"tag-italie","14":"tag-news","15":"tag-pape","16":"tag-religion","17":"tag-vatican","18":"tag-world"},"share_on_mastodon":{"url":"https:\/\/pubeurope.com\/@fr\/114961585602844553","error":""},"_links":{"self":[{"href":"https:\/\/www.europesays.com\/fr\/wp-json\/wp\/v2\/posts\/292329","targetHints":{"allow":["GET"]}}],"collection":[{"href":"https:\/\/www.europesays.com\/fr\/wp-json\/wp\/v2\/posts"}],"about":[{"href":"https:\/\/www.europesays.com\/fr\/wp-json\/wp\/v2\/types\/post"}],"author":[{"embeddable":true,"href":"https:\/\/www.europesays.com\/fr\/wp-json\/wp\/v2\/users\/2"}],"replies":[{"embeddable":true,"href":"https:\/\/www.europesays.com\/fr\/wp-json\/wp\/v2\/comments?post=292329"}],"version-history":[{"count":0,"href":"https:\/\/www.europesays.com\/fr\/wp-json\/wp\/v2\/posts\/292329\/revisions"}],"wp:featuredmedia":[{"embeddable":true,"href":"https:\/\/www.europesays.com\/fr\/wp-json\/wp\/v2\/media\/292330"}],"wp:attachment":[{"href":"https:\/\/www.europesays.com\/fr\/wp-json\/wp\/v2\/media?parent=292329"}],"wp:term":[{"taxonomy":"category","embeddable":true,"href":"https:\/\/www.europesays.com\/fr\/wp-json\/wp\/v2\/categories?post=292329"},{"taxonomy":"post_tag","embeddable":true,"href":"https:\/\/www.europesays.com\/fr\/wp-json\/wp\/v2\/tags?post=292329"}],"curies":[{"name":"wp","href":"https:\/\/api.w.org\/{rel}","templated":true}]}}