{"id":292331,"date":"2025-08-02T22:42:09","date_gmt":"2025-08-02T22:42:09","guid":{"rendered":"https:\/\/www.europesays.com\/fr\/292331\/"},"modified":"2025-08-02T22:42:09","modified_gmt":"2025-08-02T22:42:09","slug":"un-suspect-mis-en-examen-et-ecroue","status":"publish","type":"post","link":"https:\/\/www.europesays.com\/fr\/292331\/","title":{"rendered":"un suspect mis en examen et \u00e9crou\u00e9"},"content":{"rendered":"<p><strong>INFO LE FIGARO &#8211; <\/strong>La victime avait \u00e9t\u00e9 abord\u00e9e \u00e0 l\u2019\u00e9co-parc des Carri\u00e8res, \u00e0 Fontenay-sous-Bois, dimanche 27 juillet en d\u00e9but de soir\u00e9e. Le suspect est un homme n\u00e9 en 1972 au Maroc.<\/p>\n<p class=\"fig-paragraph\">Les investigations men\u00e9es par le service d\u00e9partemental de police judiciaire du Val-de-Marne (SDPJ 94) ont permis de mettre la main sur l\u2019individu suspect\u00e9 d\u2019avoir viol\u00e9 dans des conditions sordides une jeune femme de 20 ans, dimanche 27 juillet \u00e0 Fontenay-sous-Bois, dans le\u00a0<a href=\"https:\/\/www.lefigaro.fr\/tag\/val-de-marne\" target=\"_blank\" rel=\"noopener nofollow\" data-gtm-custom-categorie=\"navigation\" data-gtm-custom-action=\"crossclick\" data-gtm-custom-label=\"Contextuel\" data-gtm-event=\"customEventSPE\">Val-de-Marne<\/a>.<\/p>\n<p class=\"fig-paragraph\">Il s\u2019agit d\u2019un homme n\u00e9 en 1972 au Maroc. Le suspect, qui avait \u00e9t\u00e9 plac\u00e9 en garde \u00e0 vue mercredi soir, a \u00e9t\u00e9 mis en examen pour \u00abviol commis sous la menace d\u2019une arme\u00bb et \u00abarrestation, enl\u00e8vement, s\u00e9questration ou d\u00e9tention arbitraire d\u2019otage pour faciliter un crime ou un d\u00e9lit\u00bb, indique le parquet de Cr\u00e9teil au Figaro. Il a \u00e9galement \u00e9t\u00e9 \u00e9crou\u00e9. Une information judiciaire a \u00e9t\u00e9 ouverte par le parquet de Cr\u00e9teil ce samedi 2 ao\u00fbt.<\/p>\n<p>                                    <a class=\"fig-a11y-skip a11y-hidden\" href=\"#fig-a11y-skip-main-inarticle\"><br \/>\n        Passer la publicit\u00e9<br \/>\n    <\/a><\/p>\n<p class=\"fig-paragraph\">Le mis en cause n\u2019a pas de casier judiciaire mais fait l\u2019objet d\u2019une proc\u00e9dure r\u00e9cente en cours devant le tribunal correctionnel de Paris pour des faits de violences aggrav\u00e9es et d\u00e9tention de faux documents, pr\u00e9cise le parquet de Cr\u00e9teil. Il \u00e9tait sous contr\u00f4le judiciaire dans le cadre de cette affaire.<\/p>\n<p>Attach\u00e9e, b\u00e2illonn\u00e9e et viol\u00e9e dans un box<\/p>\n<p class=\"fig-paragraph\">Les faits sont d\u2019une extr\u00eame gravit\u00e9. La victime se trouvait \u00e0 l\u2019\u00e9co-parc des Carri\u00e8res, situ\u00e9 au c\u0153ur de Fontenay-sous-Bois au sommet d\u2019une colline, lorsqu\u2019elle a \u00e9t\u00e9 accost\u00e9e, dimanche en d\u00e9but de soir\u00e9e, par un inconnu \u00abpour un joint\u00bb. Cet homme l\u2019a par la suite menac\u00e9e avec un couteau avant de lui attacher les poignets et de la b\u00e2illonner.<\/p>\n<p class=\"fig-paragraph\">Selon nos informations, la jeune femme a ensuite \u00e9t\u00e9 conduite de force vers un box o\u00f9 elle a \u00e9t\u00e9\u00a0<a href=\"http:\/\/www.lefigaro.fr\/faits-divers\/si-l-oqtf-avait-ete-executee-ca-ne-serait-pas-arrive-la-colere-de-claire-violee-par-un-clandestin-dans-le-hall-de-son-immeuble-a-paris-20231217\" target=\"_blank\" data-fig-type=\"NewsFlash\" rel=\"noopener nofollow\" data-gtm-custom-categorie=\"navigation\" data-gtm-custom-action=\"crossclick\" data-gtm-custom-label=\"Contextuel\" data-gtm-event=\"customEventSPE\" data-fig-domain=\"LEFIGARO\">viol\u00e9e \u00e0 plusieurs reprises<\/a>. Son calvaire a pris fin au milieu de la nuit. Dix jours d\u2019incapacit\u00e9 totale de travail (ITT) lui ont \u00e9t\u00e9 prescrits apr\u00e8s son agression.<\/p>\n","protected":false},"excerpt":{"rendered":"INFO LE FIGARO &#8211; La victime avait \u00e9t\u00e9 abord\u00e9e \u00e0 l\u2019\u00e9co-parc des Carri\u00e8res, \u00e0 Fontenay-sous-Bois, dimanche 27 juillet&hellip;\n","protected":false},"author":2,"featured_media":292332,"comment_status":"","ping_status":"","sticky":false,"template":"","format":"standard","meta":{"footnotes":""},"categories":[4],"tags":[11,9405,1011,27,12,25,1125,1265],"class_list":{"0":"post-292331","1":"post","2":"type-post","3":"status-publish","4":"format-standard","5":"has-post-thumbnail","7":"category-france","8":"tag-actualites","9":"tag-arme-blanche","10":"tag-fr","11":"tag-france","12":"tag-news","13":"tag-republique-francaise","14":"tag-val-de-marne","15":"tag-viol"},"share_on_mastodon":{"url":"https:\/\/pubeurope.com\/@fr\/114961589535244661","error":""},"_links":{"self":[{"href":"https:\/\/www.europesays.com\/fr\/wp-json\/wp\/v2\/posts\/292331","targetHints":{"allow":["GET"]}}],"collection":[{"href":"https:\/\/www.europesays.com\/fr\/wp-json\/wp\/v2\/posts"}],"about":[{"href":"https:\/\/www.europesays.com\/fr\/wp-json\/wp\/v2\/types\/post"}],"author":[{"embeddable":true,"href":"https:\/\/www.europesays.com\/fr\/wp-json\/wp\/v2\/users\/2"}],"replies":[{"embeddable":true,"href":"https:\/\/www.europesays.com\/fr\/wp-json\/wp\/v2\/comments?post=292331"}],"version-history":[{"count":0,"href":"https:\/\/www.europesays.com\/fr\/wp-json\/wp\/v2\/posts\/292331\/revisions"}],"wp:featuredmedia":[{"embeddable":true,"href":"https:\/\/www.europesays.com\/fr\/wp-json\/wp\/v2\/media\/292332"}],"wp:attachment":[{"href":"https:\/\/www.europesays.com\/fr\/wp-json\/wp\/v2\/media?parent=292331"}],"wp:term":[{"taxonomy":"category","embeddable":true,"href":"https:\/\/www.europesays.com\/fr\/wp-json\/wp\/v2\/categories?post=292331"},{"taxonomy":"post_tag","embeddable":true,"href":"https:\/\/www.europesays.com\/fr\/wp-json\/wp\/v2\/tags?post=292331"}],"curies":[{"name":"wp","href":"https:\/\/api.w.org\/{rel}","templated":true}]}}