{"id":292336,"date":"2025-08-02T22:46:27","date_gmt":"2025-08-02T22:46:27","guid":{"rendered":"https:\/\/www.europesays.com\/fr\/292336\/"},"modified":"2025-08-02T22:46:27","modified_gmt":"2025-08-02T22:46:27","slug":"frouard-affouage-dernier-mois-pour-sinscrire","status":"publish","type":"post","link":"https:\/\/www.europesays.com\/fr\/292336\/","title":{"rendered":"Frouard. Affouage\u00a0: dernier mois pour s\u2019inscrire"},"content":{"rendered":"<p>Afin d\u2019anticiper les demandes, le nombre de parcelles \u00e0 am\u00e9nager ainsi que la quantit\u00e9 de st\u00e8res \u00e0 d\u00e9finir, il est possible de se pr\u00e9inscrire pour les affouages avant la fin ao\u00fbt, dernier d\u00e9lai. Les lots seront attribu\u00e9s courant d\u00e9cembre. Le nombre de st\u00e8res et de parcelles exploitables sera d\u00e9fini ult\u00e9rieurement. En octobre, une r\u00e9union sera organis\u00e9e pour la distribution des lots, par tirage au sort, pour une exploitation de novembre \u00e0 mars. Renseignements\u00a0: https:\/\/www.frouard.fr\/affouage.html<\/p>\n","protected":false},"excerpt":{"rendered":"Afin d\u2019anticiper les demandes, le nombre de parcelles \u00e0 am\u00e9nager ainsi que la quantit\u00e9 de st\u00e8res \u00e0 d\u00e9finir,&hellip;\n","protected":false},"author":2,"featured_media":292337,"comment_status":"","ping_status":"","sticky":false,"template":"","format":"standard","meta":{"footnotes":""},"categories":[9635],"tags":[1111,11,9661,1704,1777,674,1011,27,9660,775,1702,12,25,104],"class_list":{"0":"post-292336","1":"post","2":"type-post","3":"status-publish","4":"format-standard","5":"has-post-thumbnail","7":"category-nancy","8":"tag-actu","9":"tag-actualites","10":"tag-cc-du-bassin-de-pompey-54b1","11":"tag-edition-nancy-et-agglomeration","12":"tag-eu","13":"tag-europe","14":"tag-fr","15":"tag-france","16":"tag-frouard","17":"tag-grand-est","18":"tag-nancy","19":"tag-news","20":"tag-republique-francaise","21":"tag-societe"},"share_on_mastodon":{"url":"https:\/\/pubeurope.com\/@fr\/114961605104006194","error":""},"_links":{"self":[{"href":"https:\/\/www.europesays.com\/fr\/wp-json\/wp\/v2\/posts\/292336","targetHints":{"allow":["GET"]}}],"collection":[{"href":"https:\/\/www.europesays.com\/fr\/wp-json\/wp\/v2\/posts"}],"about":[{"href":"https:\/\/www.europesays.com\/fr\/wp-json\/wp\/v2\/types\/post"}],"author":[{"embeddable":true,"href":"https:\/\/www.europesays.com\/fr\/wp-json\/wp\/v2\/users\/2"}],"replies":[{"embeddable":true,"href":"https:\/\/www.europesays.com\/fr\/wp-json\/wp\/v2\/comments?post=292336"}],"version-history":[{"count":0,"href":"https:\/\/www.europesays.com\/fr\/wp-json\/wp\/v2\/posts\/292336\/revisions"}],"wp:featuredmedia":[{"embeddable":true,"href":"https:\/\/www.europesays.com\/fr\/wp-json\/wp\/v2\/media\/292337"}],"wp:attachment":[{"href":"https:\/\/www.europesays.com\/fr\/wp-json\/wp\/v2\/media?parent=292336"}],"wp:term":[{"taxonomy":"category","embeddable":true,"href":"https:\/\/www.europesays.com\/fr\/wp-json\/wp\/v2\/categories?post=292336"},{"taxonomy":"post_tag","embeddable":true,"href":"https:\/\/www.europesays.com\/fr\/wp-json\/wp\/v2\/tags?post=292336"}],"curies":[{"name":"wp","href":"https:\/\/api.w.org\/{rel}","templated":true}]}}