{"id":292340,"date":"2025-08-02T22:51:15","date_gmt":"2025-08-02T22:51:15","guid":{"rendered":"https:\/\/www.europesays.com\/fr\/292340\/"},"modified":"2025-08-02T22:51:15","modified_gmt":"2025-08-02T22:51:15","slug":"modibo-sagnan-quitte-montpellier-et-la-france-france-montpellier","status":"publish","type":"post","link":"https:\/\/www.europesays.com\/fr\/292340\/","title":{"rendered":"Modibo Sagnan quitte Montpellier&#8230; et la France &#8211; France &#8211; Montpellier"},"content":{"rendered":"<p>Certes, ce n\u2019est pas le transfert le plus excitant du mercato.<\/p>\n<p>Mais pour les supporters de Montpellier, ce mouvement peut para\u00eetre important : arriv\u00e9 il y a quelques mois au club sans pouvoir emp\u00eacher la descente en Ligue 2, Modibo Sagnan fait d\u00e9j\u00e0 ses valises pour la Turquie. <strong>Le d\u00e9fenseur est en effet pr\u00eat\u00e9\u00a0<\/strong><strong>au Caykur Rizespor, pour <\/strong><strong>une saison<\/strong>.<\/p>\n<p><a class=\"tti\" href=\"https:\/\/x.com\/MontpellierHSC\/status\/1951702618452963347\" target=\"_blank\" rel=\"noopener nofollow\"><img decoding=\"async\" loading=\"lazy\" src=\"https:\/\/www.europesays.com\/fr\/wp-content\/uploads\/2025\/08\/grande.jpg\" alt=\"Tweet\"\/><\/a><\/p>\n<p><a target=\"_blank\" href=\"https:\/\/www.sofoot.com\/articles\/modibo-sagnan-de-sang-et-dor-jeux-olympiques-france-mexique\" rel=\"nofollow noopener\">Pass\u00e9 par Lens et la Real Sociedad<\/a> ou encore Utrecht, <strong>l\u2019arri\u00e8re central va d\u00e9couvrir la septi\u00e8me \u00e9quipe de sa carri\u00e8re alors qu\u2019il a f\u00eat\u00e9 ses 26 ans en avril 2025<\/strong>. Une bonne destination pour rebondir, ou un choix qui peut au contraire sembler probl\u00e9matique ?<\/p>\n<p>L\u2019avenir r\u00e9pondra.<\/p>\n<p>\t\t\t\t\t\t\t\t\t\t<a class=\"lien-connexe\" href=\"https:\/\/www.sofoot.com\/breves\/mercato-ligue-2-alexandre-mendy-caen-se-relance-a-montpellier\" rel=\"nofollow noopener\" target=\"_blank\">Alexandre Mendy se relance \u00e0 Montpellier<\/a>\t\t\t\t\t<\/p>\n","protected":false},"excerpt":{"rendered":"Certes, ce n\u2019est pas le transfert le plus excitant du mercato. Mais pour les supporters de Montpellier, ce&hellip;\n","protected":false},"author":2,"featured_media":292341,"comment_status":"","ping_status":"","sticky":false,"template":"","format":"standard","meta":{"footnotes":""},"categories":[9599],"tags":[1111,47,11,61,69,65,64,1777,674,63,1011,27,68,66,2208,12,62,2680,70,25,67],"class_list":{"0":"post-292340","1":"post","2":"type-post","3":"status-publish","4":"format-standard","5":"has-post-thumbnail","7":"category-montpellier","8":"tag-actu","9":"tag-actualite","10":"tag-actualites","11":"tag-actus-football","12":"tag-bundesliga","13":"tag-championnats-europeens","14":"tag-equipe-de-france","15":"tag-eu","16":"tag-europe","17":"tag-football","18":"tag-fr","19":"tag-france","20":"tag-ligua","21":"tag-ligue-1","22":"tag-montpellier","23":"tag-news","24":"tag-news-foot","25":"tag-occitanie","26":"tag-premier-league","27":"tag-republique-francaise","28":"tag-serie-a"},"share_on_mastodon":{"url":"https:\/\/pubeurope.com\/@fr\/114961624801283707","error":""},"_links":{"self":[{"href":"https:\/\/www.europesays.com\/fr\/wp-json\/wp\/v2\/posts\/292340","targetHints":{"allow":["GET"]}}],"collection":[{"href":"https:\/\/www.europesays.com\/fr\/wp-json\/wp\/v2\/posts"}],"about":[{"href":"https:\/\/www.europesays.com\/fr\/wp-json\/wp\/v2\/types\/post"}],"author":[{"embeddable":true,"href":"https:\/\/www.europesays.com\/fr\/wp-json\/wp\/v2\/users\/2"}],"replies":[{"embeddable":true,"href":"https:\/\/www.europesays.com\/fr\/wp-json\/wp\/v2\/comments?post=292340"}],"version-history":[{"count":0,"href":"https:\/\/www.europesays.com\/fr\/wp-json\/wp\/v2\/posts\/292340\/revisions"}],"wp:featuredmedia":[{"embeddable":true,"href":"https:\/\/www.europesays.com\/fr\/wp-json\/wp\/v2\/media\/292341"}],"wp:attachment":[{"href":"https:\/\/www.europesays.com\/fr\/wp-json\/wp\/v2\/media?parent=292340"}],"wp:term":[{"taxonomy":"category","embeddable":true,"href":"https:\/\/www.europesays.com\/fr\/wp-json\/wp\/v2\/categories?post=292340"},{"taxonomy":"post_tag","embeddable":true,"href":"https:\/\/www.europesays.com\/fr\/wp-json\/wp\/v2\/tags?post=292340"}],"curies":[{"name":"wp","href":"https:\/\/api.w.org\/{rel}","templated":true}]}}