{"id":292349,"date":"2025-08-02T23:01:13","date_gmt":"2025-08-02T23:01:13","guid":{"rendered":"https:\/\/www.europesays.com\/fr\/292349\/"},"modified":"2025-08-02T23:01:13","modified_gmt":"2025-08-02T23:01:13","slug":"agee-de-103-ans-elle-ne-trouve-pas-de-medecin-qui-accepte-de-faire-les-visites-a-domicile-a-cagnes-sur-mer","status":"publish","type":"post","link":"https:\/\/www.europesays.com\/fr\/292349\/","title":{"rendered":"\u00c2g\u00e9e de 103 ans, elle ne trouve pas de m\u00e9decin qui accepte de faire les visites \u00e0 domicile \u00e0 Cagnes-sur-Mer"},"content":{"rendered":"<p>En plein centre-ville aussi on peut avoir des difficult\u00e9s \u00e0 trouver un m\u00e9decin traitant. Germaine Chambaut, 103 printemps au compteur, \u00e9prouve ainsi toutes les peines \u00e0 se faire soigner car elle ne peut pas se d\u00e9placer et ne trouve pas de professionnel pour venir \u00e0 son chevet de temps en temps afin de renouveler ses ordonnances.<\/p>\n<p>\u00ab\u00a0Nous ne sommes pourtant pas dans un endroit difficile d\u2019acc\u00e8s\u00a0\u00bb, remarque son fils, Marc Chambaut, 71 ans. Cette dame vit en effet juste \u00e0 c\u00f4t\u00e9 du parc des Canebiers et du parking de la Villette \u00e0 Cagnes-sur-Mer.<\/p>\n<p>\u00ab\u00a0Nos probl\u00e8mes ont commenc\u00e9 il y a six mois, depuis que la doctoresse qui la suit a ferm\u00e9 son cabinet \u2018\u2018pour des raisons de sant\u00e9\u2019\u2019 est-il \u00e9crit sur la porte d\u2019entr\u00e9e, raconte Marc. C\u2019\u00e9tait tr\u00e8s pratique car elle \u00e9tait dans l\u2019immeuble. L\u2019affichette conseille d\u2019appeler le 15 en cas d\u2019urgence. Mais ce n\u2019est pas une solution pour nous en attendant qu\u2019elle revienne &#8211; on ignore quand d\u2019ailleurs.\u00a0\u00bb<\/p>\n<p><strong>\u00ab\u00a0Les m\u00e9decins disent que c\u2019est trop compliqu\u00e9\u00a0\u00bb<\/strong><\/p>\n<p>Alors ce Cagnois s\u2019est retrouss\u00e9 les manches et a fait tout le bottin. Las. \u00ab\u00a0Aucun m\u00e9decin n\u2019a accept\u00e9 de venir la voir chez elle. Ils disent que c\u2019est trop compliqu\u00e9, qu\u2019ils ne prennent pas de nouveaux patients ou qu\u2019ils vont bient\u00f4t prendre leur retraite. C\u2019est que maman n\u2019a pas sp\u00e9cialement de soucis de sant\u00e9 mais elle prend des cachets pour le c\u0153ur et a besoin de patchs de morphine depuis qu\u2019elle a fait une mauvaise chute. Elle est alit\u00e9e depuis 3 ans et ne peut pas bouger. Heureusement, des infirmi\u00e8res viennent tous les jours et le kin\u00e9 passe aussi r\u00e9guli\u00e8rement. Mais \u00e7a ne r\u00e9sout pas cette histoire d\u2019ordonnances \u00e0 renouveler.\u00a0\u00bb<\/p>\n<p>L\u2019homme a contact\u00e9 le Samu qui l\u2019a orient\u00e9 vers SOS M\u00e9decin. \u00c0 force de multiplier les coups de fil, il a \u00e9chang\u00e9 avec un urgentiste. \u00ab\u00a0Il est tr\u00e8s gentil et a accept\u00e9 de venir pour nous d\u00e9panner de temps en temps mais cette solution n\u2019est pas tenable.\u00a0\u00bb<\/p>\n<p>Marc, qui vit pr\u00e8s de sa maman, vient dormir chez elle chaque soir pour la veiller. \u00ab\u00a0Vous comprenez, il n\u2019est pas question de la placer dans une maison de retraite. Elle ne le supporterait pas et moi non plus. Et puis, elle va bien, elle a seulement besoin qu\u2019un docteur la suive. Nous avons fait toutes les d\u00e9marches que nous pouvions. Alors ma fille m\u2019a sugg\u00e9r\u00e9 de contacter la presse. Peut-\u00eatre qu\u2019on r\u00e9ussira par ce biais \u00e0 trouver quelqu\u2019un qui acceptera de venir examiner ma m\u00e8re de temps en temps. C\u2019est notre dernier espoir.\u00a0\u00bb<\/p>\n<p>Rens. : marcchambaut4@gmail.com<\/p>\n","protected":false},"excerpt":{"rendered":"En plein centre-ville aussi on peut avoir des difficult\u00e9s \u00e0 trouver un m\u00e9decin traitant. Germaine Chambaut, 103 printemps&hellip;\n","protected":false},"author":2,"featured_media":292350,"comment_status":"","ping_status":"","sticky":false,"template":"","format":"standard","meta":{"footnotes":""},"categories":[2819],"tags":[1111,11,1777,674,1011,27,12,2401,882,25,71,3366],"class_list":{"0":"post-292349","1":"post","2":"type-post","3":"status-publish","4":"format-standard","5":"has-post-thumbnail","7":"category-nice","8":"tag-actu","9":"tag-actualites","10":"tag-eu","11":"tag-europe","12":"tag-fr","13":"tag-france","14":"tag-news","15":"tag-nice","16":"tag-provence-alpes-cote-dazur","17":"tag-republique-francaise","18":"tag-sante","19":"tag-vie-locale"},"share_on_mastodon":{"url":"https:\/\/pubeurope.com\/@fr\/114961664157397382","error":""},"_links":{"self":[{"href":"https:\/\/www.europesays.com\/fr\/wp-json\/wp\/v2\/posts\/292349","targetHints":{"allow":["GET"]}}],"collection":[{"href":"https:\/\/www.europesays.com\/fr\/wp-json\/wp\/v2\/posts"}],"about":[{"href":"https:\/\/www.europesays.com\/fr\/wp-json\/wp\/v2\/types\/post"}],"author":[{"embeddable":true,"href":"https:\/\/www.europesays.com\/fr\/wp-json\/wp\/v2\/users\/2"}],"replies":[{"embeddable":true,"href":"https:\/\/www.europesays.com\/fr\/wp-json\/wp\/v2\/comments?post=292349"}],"version-history":[{"count":0,"href":"https:\/\/www.europesays.com\/fr\/wp-json\/wp\/v2\/posts\/292349\/revisions"}],"wp:featuredmedia":[{"embeddable":true,"href":"https:\/\/www.europesays.com\/fr\/wp-json\/wp\/v2\/media\/292350"}],"wp:attachment":[{"href":"https:\/\/www.europesays.com\/fr\/wp-json\/wp\/v2\/media?parent=292349"}],"wp:term":[{"taxonomy":"category","embeddable":true,"href":"https:\/\/www.europesays.com\/fr\/wp-json\/wp\/v2\/categories?post=292349"},{"taxonomy":"post_tag","embeddable":true,"href":"https:\/\/www.europesays.com\/fr\/wp-json\/wp\/v2\/tags?post=292349"}],"curies":[{"name":"wp","href":"https:\/\/api.w.org\/{rel}","templated":true}]}}