{"id":292356,"date":"2025-08-02T23:06:10","date_gmt":"2025-08-02T23:06:10","guid":{"rendered":"https:\/\/www.europesays.com\/fr\/292356\/"},"modified":"2025-08-02T23:06:10","modified_gmt":"2025-08-02T23:06:10","slug":"previsions-du-dimanche-3-aout-2025","status":"publish","type":"post","link":"https:\/\/www.europesays.com\/fr\/292356\/","title":{"rendered":"pr\u00e9visions du dimanche 3 ao\u00fbt 2025"},"content":{"rendered":"<p>Cette journ\u00e9e rimera avec beau soleil pour Bordeaux. Les temp\u00e9ratures avoisineront les 22\u00b0C. Les valeurs avoisineront les 22\u00b0C au cours de la matin\u00e9e. Une brise d&rsquo;est soufflera l\u00e9g\u00e8rement. L&rsquo;apr\u00e8s-midi, c&rsquo;est une hausse de plusieurs degr\u00e9s que vont enregistrer les temp\u00e9ratures. Attention \u00e0 la vague de chaud. Des valeurs de 28 \u00e0 30\u00b0C sont attendues. Les temp\u00e9ratures s&rsquo;\u00e9chelonneront entre 28\u00b0C et 30\u00b0C. Le ciel sera clair dans la nuit de dimanche \u00e0 lundi.<\/p>\n<p>Un beau soleil est pr\u00e9vu demain \u00e0 Bordeaux. L&rsquo;air ambiant va se r\u00e9chauffer avec une augmentation de quelques degr\u00e9s. La p\u00e9riode de fortes chaleurs est bien l\u00e0, avec des valeurs qui risqueront d&rsquo;aller jusqu&rsquo;\u00e0 35\u00b0C. Les temp\u00e9ratures seront comprises entre 15 et 35\u00b0C. Un petit vent de nord-est sera ressenti par les habitants. D\u00e8s le matin, les valeurs \u00e9volueront entre 17 et 32\u2009\u00b0C. Les temp\u00e9ratures vont conna\u00eetre une hausse de plusieurs degr\u00e9s dans l&rsquo;apr\u00e8s-midi. Les valeurs maximums annonc\u00e9es sont importantes, avec 35\u00b0C. Les grosses chaleurs sont pr\u00e9sentes. Avec des valeurs situ\u00e9es entre 24 et 30\u00b0C.<\/p>\n<p>Le temps restera inchang\u00e9 les jours \u00e0 venir. Le temps sera ensoleill\u00e9 avec des temp\u00e9ratures autour de 33\u00b0C.<\/p>\n<p><\/p>\n","protected":false},"excerpt":{"rendered":"Cette journ\u00e9e rimera avec beau soleil pour Bordeaux. Les temp\u00e9ratures avoisineront les 22\u00b0C. Les valeurs avoisineront les 22\u00b0C&hellip;\n","protected":false},"author":2,"featured_media":292357,"comment_status":"","ping_status":"","sticky":false,"template":"","format":"standard","meta":{"footnotes":""},"categories":[2817],"tags":[1111,11,3177,1997,1777,674,1011,27,2905,12,2219,2119,25],"class_list":{"0":"post-292356","1":"post","2":"type-post","3":"status-publish","4":"format-standard","5":"has-post-thumbnail","7":"category-bordeaux","8":"tag-actu","9":"tag-actualites","10":"tag-aquitaine","11":"tag-bordeaux","12":"tag-eu","13":"tag-europe","14":"tag-fr","15":"tag-france","16":"tag-gironde","17":"tag-news","18":"tag-nouvelle-aquitaine","19":"tag-previsions-meteo","20":"tag-republique-francaise"},"share_on_mastodon":{"url":"https:\/\/pubeurope.com\/@fr\/114961683884415787","error":""},"_links":{"self":[{"href":"https:\/\/www.europesays.com\/fr\/wp-json\/wp\/v2\/posts\/292356","targetHints":{"allow":["GET"]}}],"collection":[{"href":"https:\/\/www.europesays.com\/fr\/wp-json\/wp\/v2\/posts"}],"about":[{"href":"https:\/\/www.europesays.com\/fr\/wp-json\/wp\/v2\/types\/post"}],"author":[{"embeddable":true,"href":"https:\/\/www.europesays.com\/fr\/wp-json\/wp\/v2\/users\/2"}],"replies":[{"embeddable":true,"href":"https:\/\/www.europesays.com\/fr\/wp-json\/wp\/v2\/comments?post=292356"}],"version-history":[{"count":0,"href":"https:\/\/www.europesays.com\/fr\/wp-json\/wp\/v2\/posts\/292356\/revisions"}],"wp:featuredmedia":[{"embeddable":true,"href":"https:\/\/www.europesays.com\/fr\/wp-json\/wp\/v2\/media\/292357"}],"wp:attachment":[{"href":"https:\/\/www.europesays.com\/fr\/wp-json\/wp\/v2\/media?parent=292356"}],"wp:term":[{"taxonomy":"category","embeddable":true,"href":"https:\/\/www.europesays.com\/fr\/wp-json\/wp\/v2\/categories?post=292356"},{"taxonomy":"post_tag","embeddable":true,"href":"https:\/\/www.europesays.com\/fr\/wp-json\/wp\/v2\/tags?post=292356"}],"curies":[{"name":"wp","href":"https:\/\/api.w.org\/{rel}","templated":true}]}}