{"id":292358,"date":"2025-08-02T23:07:11","date_gmt":"2025-08-02T23:07:11","guid":{"rendered":"https:\/\/www.europesays.com\/fr\/292358\/"},"modified":"2025-08-02T23:07:11","modified_gmt":"2025-08-02T23:07:11","slug":"girondins-bruno-irles-attend-plus-de-son-equipe","status":"publish","type":"post","link":"https:\/\/www.europesays.com\/fr\/292358\/","title":{"rendered":"Girondins : Bruno Irl\u00e8s attend plus de son \u00e9quipe"},"content":{"rendered":"<p><img decoding=\"async\" src=\"https:\/\/www.europesays.com\/fr\/wp-content\/uploads\/2025\/08\/671_e2fcc8f4c5bdda13c342c39bac9a797c.jpg\" alt=\"Girondins : Bruno Irl\u00e8s attend plus de son \u00e9quipe\" class=\"img-responsive mt-3\"\/><\/p>\n<p class=\"text-center mb-3\" style=\"font-size: 14px\">\u00a9 Iconsport<\/p>\n<p style=\"text-align: justify;\">C&rsquo;est avec un nouveau syst\u00e8me de jeu cette saison que l&rsquo;\u00e9quipe bordelaise \u00e9volue. Pour d\u00e9marrer cette rencontre face au club de National 3 du FC Bassin d&rsquo;Arcachon, c&rsquo;est une organisation en 343 qu&rsquo;Irl\u00e8s a mise en place. Sur le plan d\u00e9fensif, son \u00e9quipe \u00e9volue en 442 ou en 532 selon le positionnement de l&rsquo;adversaire.<\/p>\n<p style=\"text-align: justify;\">D\u00e8s le d\u00e9but de la rencontre, les joueurs de Marvin Esor, l&rsquo;entraineur des locaux, mettent beaucoup d&rsquo;intensit\u00e9, et jouent haut, ce qui d\u00e9range le bloc bordelais.<\/p>\n<p style=\"text-align: justify;\">L&rsquo;entraineur bordelais a ainsi d\u00e9clar\u00e9 \u00e0 Sud-Ouest apr\u00e8s la rencontre qu&rsquo;il attendait plus sur ce point : \u00ab\u00a0Ce qu\u2019on a fait ce soir n\u2019est pas suffisant, il va falloir monter en intensit\u00e9.\u00a0\u00bb<\/p>\n<p><strong>Bordeaux sur la bonne voie physiquement<\/strong><\/p>\n<p style=\"text-align: justify;\">Concernant le reste de la rencontre, Bordeaux a pris le dessus au fil du match sur son adversaire. D&rsquo;autant plus apr\u00e8s le turn-over op\u00e9r\u00e9 par l&rsquo;\u00e9quipe du FCBA \u00e0 la 63e et le replacement des 11 joueurs, Bordeaux prend le dessus. les bordelais montrent qu&rsquo;il commencent \u00e0 prendre du coffre physique<\/p>\n<p style=\"text-align: justify;\">Apr\u00e8s l&rsquo;ouverture de Vandenabeele de la t\u00eate sur un renvoi de corner (52e), Bordeaux double la mise \u00e0 la 73e par Matthieu Villette apr\u00e8s un bon centre d&rsquo;Openda, et triple le score \u00e0 la 90e par Driss Trichard encore sur un travail d&rsquo;Openda (90e).<\/p>\n<p style=\"text-align: justify;\">De plus, Jan Hoekstra a pass\u00e9 une soir\u00e9e assez tranquille. \u00c0 l&rsquo;exception d&rsquo;un arr\u00eat sur une sortie \u00e0 la 2e minute de jeu, il a jou\u00e9 simple au pied, et a rassur\u00e9 sa d\u00e9fense.<\/p>\n<p style=\"text-align: justify;\">Maintenant, il reste une rencontre de pr\u00e9paration (\u00c0 Tarnos face \u00e0 l&rsquo;Aviron Bayonnais, samedi 9 ao\u00fbt), et 15 jours d&rsquo;entra\u00eenement \u00e0 Bruno Irl\u00e8s, et \u00e0 ses hommes pour \u00eatre pr\u00eat face \u00e0 Avranches au Stade Atlantique le 16 ao\u00fbt pour l&rsquo;ouverture de a saison de National 2.<\/p>\n<p style=\"text-align: justify;\">&gt;&gt; <strong><a href=\"https:\/\/www.webgirondins.com\/live-girondins-revivez-fcba-bordeaux-129924\" target=\"_blank\" rel=\"noopener\">Revivez FCBA-Bordeaux (0-3)<\/a><\/strong><\/p>\n<p style=\"text-align: justify;\">Notre podcast court \u00e0 \u00e9couter :<\/p>\n<p>\u00a0<\/p>\n","protected":false},"excerpt":{"rendered":"\u00a9 Iconsport C&rsquo;est avec un nouveau syst\u00e8me de jeu cette saison que l&rsquo;\u00e9quipe bordelaise \u00e9volue. Pour d\u00e9marrer cette&hellip;\n","protected":false},"author":2,"featured_media":292359,"comment_status":"","ping_status":"","sticky":false,"template":"","format":"standard","meta":{"footnotes":""},"categories":[2817],"tags":[1111,11,23856,20639,3396,27493,1997,3211,12475,2263,1777,674,2823,1011,27,1987,30130,3212,12,2219,378,19469,25,2259,3467,3333,6768,43240,37136],"class_list":{"0":"post-292358","1":"post","2":"type-post","3":"status-publish","4":"format-standard","5":"has-post-thumbnail","7":"category-bordeaux","8":"tag-actu","9":"tag-actualites","10":"tag-arcachon","11":"tag-attend","12":"tag-avec","13":"tag-bassin","14":"tag-bordeaux","15":"tag-bruno","16":"tag-buts","17":"tag-equipe","18":"tag-eu","19":"tag-europe","20":"tag-face","21":"tag-fr","22":"tag-france","23":"tag-girondins","24":"tag-imposes","25":"tag-irles","26":"tag-news","27":"tag-nouvelle-aquitaine","28":"tag-plus","29":"tag-realisations","30":"tag-republique-francaise","31":"tag-score","32":"tag-soir","33":"tag-sont","34":"tag-trichard","35":"tag-vandenabeele","36":"tag-villette"},"share_on_mastodon":{"url":"https:\/\/pubeurope.com\/@fr\/114961687872935634","error":""},"_links":{"self":[{"href":"https:\/\/www.europesays.com\/fr\/wp-json\/wp\/v2\/posts\/292358","targetHints":{"allow":["GET"]}}],"collection":[{"href":"https:\/\/www.europesays.com\/fr\/wp-json\/wp\/v2\/posts"}],"about":[{"href":"https:\/\/www.europesays.com\/fr\/wp-json\/wp\/v2\/types\/post"}],"author":[{"embeddable":true,"href":"https:\/\/www.europesays.com\/fr\/wp-json\/wp\/v2\/users\/2"}],"replies":[{"embeddable":true,"href":"https:\/\/www.europesays.com\/fr\/wp-json\/wp\/v2\/comments?post=292358"}],"version-history":[{"count":0,"href":"https:\/\/www.europesays.com\/fr\/wp-json\/wp\/v2\/posts\/292358\/revisions"}],"wp:featuredmedia":[{"embeddable":true,"href":"https:\/\/www.europesays.com\/fr\/wp-json\/wp\/v2\/media\/292359"}],"wp:attachment":[{"href":"https:\/\/www.europesays.com\/fr\/wp-json\/wp\/v2\/media?parent=292358"}],"wp:term":[{"taxonomy":"category","embeddable":true,"href":"https:\/\/www.europesays.com\/fr\/wp-json\/wp\/v2\/categories?post=292358"},{"taxonomy":"post_tag","embeddable":true,"href":"https:\/\/www.europesays.com\/fr\/wp-json\/wp\/v2\/tags?post=292358"}],"curies":[{"name":"wp","href":"https:\/\/api.w.org\/{rel}","templated":true}]}}