{"id":292364,"date":"2025-08-02T23:10:10","date_gmt":"2025-08-02T23:10:10","guid":{"rendered":"https:\/\/www.europesays.com\/fr\/292364\/"},"modified":"2025-08-02T23:10:10","modified_gmt":"2025-08-02T23:10:10","slug":"previsions-du-dimanche-3-aout-2025-2","status":"publish","type":"post","link":"https:\/\/www.europesays.com\/fr\/292364\/","title":{"rendered":"pr\u00e9visions du dimanche 3 ao\u00fbt 2025"},"content":{"rendered":"<p>\u00c0 Lille, les valeurs seront de 19\u00b0C dans la journ\u00e9e. Un l\u00e9ger vent d&rsquo;ouest soufflera. Cette matin\u00e9e rimera avec grand soleil. Apr\u00e8s un bref passage nuageux, l&rsquo;apr\u00e8s-midi, le soleil va peu \u00e0 peu se substituer aux nuages. Les temp\u00e9ratures vont grimper de quelques degr\u00e9s. Les valeurs seront comprises entre 23 et 25\u00b0C. Il faudra pr\u00e9voir des perturbations le soir, les Lillois se retrouveront sous des pluies \u00e9parses. On pr\u00e9voit des valeurs d&rsquo;environ 20\u00b0C. Le ciel sera limpide dans la nuit de dimanche \u00e0 lundi.<\/p>\n<p>Demain, \u00e0 Lille, on sera sous un ciel bien maussade, couvert de nuages. C&rsquo;est une hausse de quelques degr\u00e9s que vont conna\u00eetre les temp\u00e9ratures. Ces valeurs s&rsquo;\u00e9chelonneront entre 17 et 25\u00b0C. Un vent de sud-ouest rafra\u00eechira quelque peu l&rsquo;atmosph\u00e8re. Il fera en moyenne 21\u00b0C, le matin. Demain apr\u00e8s-midi, encore des nuages dans le ciel qui emp\u00eachent le soleil de faire son apparition. Du mauvais temps est \u00e0 pr\u00e9voir. Des pluies \u00e9parses vont tomber. Les valeurs s&rsquo;\u00e9chelonneront de 24 \u00e0 25\u00b0C. Demain soir, le vent va progressivement chasser la grisaille. Le mercure affichera 21\u00b0C en moyenne.<\/p>\n<p>La m\u00e9t\u00e9o des journ\u00e9es suivantes va s&rsquo;am\u00e9liorer. Il fera 23\u00b0C en moyenne pour des journ\u00e9es avec un ciel ensoleill\u00e9.<\/p>\n<p><\/p>\n","protected":false},"excerpt":{"rendered":"\u00c0 Lille, les valeurs seront de 19\u00b0C dans la journ\u00e9e. Un l\u00e9ger vent d&rsquo;ouest soufflera. Cette matin\u00e9e rimera&hellip;\n","protected":false},"author":2,"featured_media":292365,"comment_status":"","ping_status":"","sticky":false,"template":"","format":"standard","meta":{"footnotes":""},"categories":[2815],"tags":[1111,11,1777,674,1011,27,811,1307,12,1308,1309,2119,25],"class_list":{"0":"post-292364","1":"post","2":"type-post","3":"status-publish","4":"format-standard","5":"has-post-thumbnail","7":"category-lille","8":"tag-actu","9":"tag-actualites","10":"tag-eu","11":"tag-europe","12":"tag-fr","13":"tag-france","14":"tag-hauts-de-france","15":"tag-lille","16":"tag-news","17":"tag-nord","18":"tag-nord-pas-de-calais","19":"tag-previsions-meteo","20":"tag-republique-francaise"},"share_on_mastodon":{"url":"https:\/\/pubeurope.com\/@fr\/114961699621113561","error":""},"_links":{"self":[{"href":"https:\/\/www.europesays.com\/fr\/wp-json\/wp\/v2\/posts\/292364","targetHints":{"allow":["GET"]}}],"collection":[{"href":"https:\/\/www.europesays.com\/fr\/wp-json\/wp\/v2\/posts"}],"about":[{"href":"https:\/\/www.europesays.com\/fr\/wp-json\/wp\/v2\/types\/post"}],"author":[{"embeddable":true,"href":"https:\/\/www.europesays.com\/fr\/wp-json\/wp\/v2\/users\/2"}],"replies":[{"embeddable":true,"href":"https:\/\/www.europesays.com\/fr\/wp-json\/wp\/v2\/comments?post=292364"}],"version-history":[{"count":0,"href":"https:\/\/www.europesays.com\/fr\/wp-json\/wp\/v2\/posts\/292364\/revisions"}],"wp:featuredmedia":[{"embeddable":true,"href":"https:\/\/www.europesays.com\/fr\/wp-json\/wp\/v2\/media\/292365"}],"wp:attachment":[{"href":"https:\/\/www.europesays.com\/fr\/wp-json\/wp\/v2\/media?parent=292364"}],"wp:term":[{"taxonomy":"category","embeddable":true,"href":"https:\/\/www.europesays.com\/fr\/wp-json\/wp\/v2\/categories?post=292364"},{"taxonomy":"post_tag","embeddable":true,"href":"https:\/\/www.europesays.com\/fr\/wp-json\/wp\/v2\/tags?post=292364"}],"curies":[{"name":"wp","href":"https:\/\/api.w.org\/{rel}","templated":true}]}}