{"id":292369,"date":"2025-08-02T23:13:10","date_gmt":"2025-08-02T23:13:10","guid":{"rendered":"https:\/\/www.europesays.com\/fr\/292369\/"},"modified":"2025-08-02T23:13:10","modified_gmt":"2025-08-02T23:13:10","slug":"previsions-du-dimanche-3-aout-2025-3","status":"publish","type":"post","link":"https:\/\/www.europesays.com\/fr\/292369\/","title":{"rendered":"pr\u00e9visions du dimanche 3 ao\u00fbt 2025"},"content":{"rendered":"<p>Cette journ\u00e9e rimera avec grand soleil pour Marseille. Les temp\u00e9ratures tourneront autour des 24\u00b0C. Un vent de nord-ouest est pr\u00e9vu : il soufflera \u00e0 31 km\/h. Le matin, le thermom\u00e8tre affichera 22\u00b0C en moyenne. L&rsquo;air ambiant va se r\u00e9chauffer l&rsquo;apr\u00e8s-midi avec une augmentation de plusieurs degr\u00e9s. Les valeurs seront de 26\u00b0C au minimum et de 28\u00b0C au maximum. Le ciel sera relativement lumineux, avec quelques \u00e9claircies le soir. Entre dimanche et lundi, la nuit sera claire.<\/p>\n<p>Demain, le mercure va descendre de quelques degr\u00e9s \u00e0 Marseille. Il va faire 23\u00b0C en moyenne. Une l\u00e9g\u00e8re brise de sud-ouest sera ressentie par les habitants. Le soleil se montrerait plus t\u00f4t dans la matin\u00e9e si des nuages n&rsquo;\u00e9taient pas pr\u00e9sents dans le ciel. Les nuages seront visibles. C&rsquo;est un soleil splendide qui va briller demain apr\u00e8s-midi. On pr\u00e9voit des temp\u00e9ratures d&rsquo;environ 25\u00b0C.<\/p>\n<p>La m\u00e9t\u00e9o restera inchang\u00e9e les prochains jours. Il fera 27\u00b0C en moyenne pour des journ\u00e9es avec une m\u00e9t\u00e9o ensoleill\u00e9e.<\/p>\n<p><\/p>\n","protected":false},"excerpt":{"rendered":"Cette journ\u00e9e rimera avec grand soleil pour Marseille. Les temp\u00e9ratures tourneront autour des 24\u00b0C. Un vent de nord-ouest&hellip;\n","protected":false},"author":2,"featured_media":292370,"comment_status":"","ping_status":"","sticky":false,"template":"","format":"standard","meta":{"footnotes":""},"categories":[2814],"tags":[1111,11,885,1777,674,1011,27,884,12,883,2119,882,25],"class_list":{"0":"post-292369","1":"post","2":"type-post","3":"status-publish","4":"format-standard","5":"has-post-thumbnail","7":"category-marseille","8":"tag-actu","9":"tag-actualites","10":"tag-bouches-du-rhone","11":"tag-eu","12":"tag-europe","13":"tag-fr","14":"tag-france","15":"tag-marseille","16":"tag-news","17":"tag-paca","18":"tag-previsions-meteo","19":"tag-provence-alpes-cote-dazur","20":"tag-republique-francaise"},"share_on_mastodon":{"url":"https:\/\/pubeurope.com\/@fr\/114961711485342586","error":""},"_links":{"self":[{"href":"https:\/\/www.europesays.com\/fr\/wp-json\/wp\/v2\/posts\/292369","targetHints":{"allow":["GET"]}}],"collection":[{"href":"https:\/\/www.europesays.com\/fr\/wp-json\/wp\/v2\/posts"}],"about":[{"href":"https:\/\/www.europesays.com\/fr\/wp-json\/wp\/v2\/types\/post"}],"author":[{"embeddable":true,"href":"https:\/\/www.europesays.com\/fr\/wp-json\/wp\/v2\/users\/2"}],"replies":[{"embeddable":true,"href":"https:\/\/www.europesays.com\/fr\/wp-json\/wp\/v2\/comments?post=292369"}],"version-history":[{"count":0,"href":"https:\/\/www.europesays.com\/fr\/wp-json\/wp\/v2\/posts\/292369\/revisions"}],"wp:featuredmedia":[{"embeddable":true,"href":"https:\/\/www.europesays.com\/fr\/wp-json\/wp\/v2\/media\/292370"}],"wp:attachment":[{"href":"https:\/\/www.europesays.com\/fr\/wp-json\/wp\/v2\/media?parent=292369"}],"wp:term":[{"taxonomy":"category","embeddable":true,"href":"https:\/\/www.europesays.com\/fr\/wp-json\/wp\/v2\/categories?post=292369"},{"taxonomy":"post_tag","embeddable":true,"href":"https:\/\/www.europesays.com\/fr\/wp-json\/wp\/v2\/tags?post=292369"}],"curies":[{"name":"wp","href":"https:\/\/api.w.org\/{rel}","templated":true}]}}