{"id":292373,"date":"2025-08-02T23:15:11","date_gmt":"2025-08-02T23:15:11","guid":{"rendered":"https:\/\/www.europesays.com\/fr\/292373\/"},"modified":"2025-08-02T23:15:11","modified_gmt":"2025-08-02T23:15:11","slug":"previsions-du-dimanche-3-aout-2025-4","status":"publish","type":"post","link":"https:\/\/www.europesays.com\/fr\/292373\/","title":{"rendered":"pr\u00e9visions du dimanche 3 ao\u00fbt 2025"},"content":{"rendered":"<p>\u00c0 Lyon les valeurs s&rsquo;\u00e9chelonneront entre 12 et 26\u00b0C pendant la journ\u00e9e. Un petit vent de nord-ouest soufflera. Des \u00e9claircies feront leur apparition dans la matin\u00e9e. L&rsquo;apr\u00e8s-midi, un important soleil brillera. Le temps va se r\u00e9chauffer avec une hausse de plusieurs degr\u00e9s. Les temp\u00e9ratures afficheront entre 24 et 26\u00b0C. Un ciel limpide est \u00e0 pr\u00e9voir dans la nuit entre dimanche et lundi.<\/p>\n<p>Un beau soleil est pr\u00e9vu demain \u00e0 Lyon. Une m\u00e9t\u00e9o plus chaude est attendue \u00e9tant donn\u00e9 que les temp\u00e9ratures vont conna\u00eetre une augmentation. Les valeurs seront comprises entre 14 et 29\u00b0C. Une l\u00e9g\u00e8re brise de nord-est sera ressentie par les habitants. Il va faire environ 21\u00b0C, le matin. Les temp\u00e9ratures vont enregistrer une hausse de plusieurs degr\u00e9s dans l&rsquo;apr\u00e8s-midi. Les valeurs s&rsquo;\u00e9chelonneront de 27 \u00e0 29\u00b0C.<\/p>\n<p>Le temps restera inchang\u00e9 les jours \u00e0 venir. On s&rsquo;attend \u00e0 des journ\u00e9es ensoleill\u00e9es, avec des temp\u00e9ratures dans les 29\u00b0C en moyenne.<\/p>\n<p><\/p>\n","protected":false},"excerpt":{"rendered":"\u00c0 Lyon les valeurs s&rsquo;\u00e9chelonneront entre 12 et 26\u00b0C pendant la journ\u00e9e. Un petit vent de nord-ouest soufflera.&hellip;\n","protected":false},"author":2,"featured_media":292374,"comment_status":"","ping_status":"","sticky":false,"template":"","format":"standard","meta":{"footnotes":""},"categories":[1889],"tags":[1111,11,2430,1777,674,1011,27,2428,12,2119,25,2429,2431],"class_list":{"0":"post-292373","1":"post","2":"type-post","3":"status-publish","4":"format-standard","5":"has-post-thumbnail","7":"category-lyon","8":"tag-actu","9":"tag-actualites","10":"tag-auvergne-rhone-alpes","11":"tag-eu","12":"tag-europe","13":"tag-fr","14":"tag-france","15":"tag-lyon","16":"tag-news","17":"tag-previsions-meteo","18":"tag-republique-francaise","19":"tag-rhone","20":"tag-rhone-alpes"},"share_on_mastodon":{"url":"https:\/\/pubeurope.com\/@fr\/114961719154558922","error":""},"_links":{"self":[{"href":"https:\/\/www.europesays.com\/fr\/wp-json\/wp\/v2\/posts\/292373","targetHints":{"allow":["GET"]}}],"collection":[{"href":"https:\/\/www.europesays.com\/fr\/wp-json\/wp\/v2\/posts"}],"about":[{"href":"https:\/\/www.europesays.com\/fr\/wp-json\/wp\/v2\/types\/post"}],"author":[{"embeddable":true,"href":"https:\/\/www.europesays.com\/fr\/wp-json\/wp\/v2\/users\/2"}],"replies":[{"embeddable":true,"href":"https:\/\/www.europesays.com\/fr\/wp-json\/wp\/v2\/comments?post=292373"}],"version-history":[{"count":0,"href":"https:\/\/www.europesays.com\/fr\/wp-json\/wp\/v2\/posts\/292373\/revisions"}],"wp:featuredmedia":[{"embeddable":true,"href":"https:\/\/www.europesays.com\/fr\/wp-json\/wp\/v2\/media\/292374"}],"wp:attachment":[{"href":"https:\/\/www.europesays.com\/fr\/wp-json\/wp\/v2\/media?parent=292373"}],"wp:term":[{"taxonomy":"category","embeddable":true,"href":"https:\/\/www.europesays.com\/fr\/wp-json\/wp\/v2\/categories?post=292373"},{"taxonomy":"post_tag","embeddable":true,"href":"https:\/\/www.europesays.com\/fr\/wp-json\/wp\/v2\/tags?post=292373"}],"curies":[{"name":"wp","href":"https:\/\/api.w.org\/{rel}","templated":true}]}}