{"id":292375,"date":"2025-08-02T23:18:16","date_gmt":"2025-08-02T23:18:16","guid":{"rendered":"https:\/\/www.europesays.com\/fr\/292375\/"},"modified":"2025-08-02T23:18:16","modified_gmt":"2025-08-02T23:18:16","slug":"ce-scenario-noir-que-la-gauche-refuse-de-voir-venir","status":"publish","type":"post","link":"https:\/\/www.europesays.com\/fr\/292375\/","title":{"rendered":"ce sc\u00e9nario noir que la gauche refuse de voir venir"},"content":{"rendered":"<p>Les municipales 2026 \u00e0 Paris s\u2019annoncent comme un \u00e9v\u00e9nement marquant sur la sc\u00e8ne politique fran\u00e7aise. Avec le vote qui approche dans quelques mois, les alliances se forment et les enjeux se pr\u00e9cisent. La succession d\u2019Anne Hidalgo, l\u2019actuelle maire de Paris, fait d\u00e9bat, surtout autour de l\u2019id\u00e9e d\u2019une union de la gauche. Selon les sondages de <a href=\"https:\/\/www.latribune.fr\/\" rel=\"noopener noreferrer nofollow\" target=\"_blank\">La Tribune<\/a> et <a href=\"https:\/\/www.bfmtv.com\/\" rel=\"noopener noreferrer nofollow\" target=\"_blank\">BFMTV<\/a>, les intentions de vote varient, mais la lutte pour prendre la t\u00eate reste vive.<\/p>\n<p>Une lutte interne dans la gauche unie<\/p>\n<p>Trois candidats issus de la majorit\u00e9 sortante se disputent la repr\u00e9sentation de l\u2019union \u00e0 gauche pour les prochaines municipales parisiennes. David Belliard (\u00e9cologiste), Ian Brossat, et Emmanuel Gr\u00e9goire (socialiste) se pr\u00e9sentent comme les mieux plac\u00e9s pour mener ce mouvement. Chacun esp\u00e8re s\u2019imposer, mais pour l\u2019instant, aucun ne se d\u00e9marque vraiment.<\/p>\n<p>Les partis impliqu\u00e9s dans cette union sont les \u00e9cologistes, les communistes et les socialistes. \u00c0 huit mois du scrutin, ces trois candidats poursuivent leur course pour le leadership. Le 30 juin marquera le moment d\u00e9cisif pour d\u00e9partager les candidats socialistes.<\/p>\n<p>Les d\u00e9fis entre socialistes<\/p>\n<p>Au sein du Parti socialiste, la comp\u00e9tition est tout aussi anim\u00e9e. Emmanuel Gr\u00e9goire m\u00e8ne le peloton, affichant des intentions de vote allant de 14 % \u00e0 19 % au premier tour. Il est suivi par R\u00e9mi F\u00e9raud, qui accuse g\u00e9n\u00e9ralement un retard de 2 \u00e0 4 points par rapport \u00e0 Gr\u00e9goire. Une troisi\u00e8me candidate, Marion Waller, n\u2019est pas encore apparue dans les sondages actuels.<\/p>\n<p>Les enjeux sont importants pour R\u00e9mi F\u00e9raud, qui doit rattraper son retard face \u00e0 Emmanuel Gr\u00e9goire pour repr\u00e9senter au mieux son parti lors des municipales. Cette comp\u00e9tition interne montre bien la complexit\u00e9 des choix strat\u00e9giques auxquels les socialistes font face pour retrouver leur place sur la sc\u00e8ne parisienne.<\/p>\n<p>Les autres candidats et la r\u00e9partition des intentions de vote<\/p>\n<p>La droite ne reste pas sur la touche avec Rachida Dati, qui pourrait atteindre jusqu\u2019\u00e0 34 % d\u2019intentions de vote selon certains sondages. De son c\u00f4t\u00e9, David Belliard pourrait obtenir jusqu\u2019\u00e0 22 % des voix gr\u00e2ce au soutien des Verts. Dans le camp Insoumis, Sophia Chikirou se positionne autour de 15 %, tandis que Pierre-Yves Bournazel, repr\u00e9sentant Horizons, plafonne \u00e0 8 %. Enfin, Sarah Knafo, porte-parole de Reconqu\u00eate !, arrive aux alentours de 5 % des intentions de vote.<\/p>\n<p>Dans l\u2019ensemble, les candidats de gauche totalisent environ 50 % des intentions de vote cumul\u00e9es. Par ailleurs, le Rassemblement National reste sous la barre des 10 %, et Reconqu\u00eate ! se maintient autour de 5 %. Ces chiffres montrent une dispersion notable du vote \u00e0 gauche, sans qu\u2019un candidat ne d\u00e9tache nettement du lot.<\/p>\n<p>Les perspectives et d\u00e9fis \u00e0 venir<\/p>\n<p>Le probl\u00e8me se pose pour les \u00e9cologistes, les Insoumis et les socialistes : savoir s\u2019accorder sur une candidature unique d\u00e8s le premier tour pour booster leurs chances face \u00e0 une droite bien organis\u00e9e autour de figures comme Rachida Dati. Par ailleurs, le choix de garder ou non la candidature de Pierre-Yves Bournazel face \u00e0 Dati pourrait bien modifier le r\u00e9sultat du scrutin.<\/p>\n<p>Si David Belliard se profile comme un leader potentiel dans certaines configurations de la gauche, certaines estimations indiquent d\u00e9j\u00e0 que Sophia Chikirou d\u00e9passe R\u00e9mi F\u00e9raud. Ce paysage politique morcel\u00e9 promet une campagne \u00e9lectorale pleine de rebondissements o\u00f9 chaque d\u00e9cision strat\u00e9gique fera la diff\u00e9rence.<\/p>\n","protected":false},"excerpt":{"rendered":"Les municipales 2026 \u00e0 Paris s\u2019annoncent comme un \u00e9v\u00e9nement marquant sur la sc\u00e8ne politique fran\u00e7aise. Avec le vote&hellip;\n","protected":false},"author":2,"featured_media":292376,"comment_status":"","ping_status":"","sticky":false,"template":"","format":"standard","meta":{"footnotes":""},"categories":[1888],"tags":[1111,1928,11,1927,1777,674,1011,27,12,1926,626,1925,25],"class_list":{"0":"post-292375","1":"post","2":"type-post","3":"status-publish","4":"format-standard","5":"has-post-thumbnail","7":"category-paris","8":"tag-actu","9":"tag-actu-paris","10":"tag-actualites","11":"tag-actualites-paris","12":"tag-eu","13":"tag-europe","14":"tag-fr","15":"tag-france","16":"tag-news","17":"tag-news-paris","18":"tag-paris","19":"tag-paris-news","20":"tag-republique-francaise"},"share_on_mastodon":{"url":"https:\/\/pubeurope.com\/@fr\/114961731066164995","error":""},"_links":{"self":[{"href":"https:\/\/www.europesays.com\/fr\/wp-json\/wp\/v2\/posts\/292375","targetHints":{"allow":["GET"]}}],"collection":[{"href":"https:\/\/www.europesays.com\/fr\/wp-json\/wp\/v2\/posts"}],"about":[{"href":"https:\/\/www.europesays.com\/fr\/wp-json\/wp\/v2\/types\/post"}],"author":[{"embeddable":true,"href":"https:\/\/www.europesays.com\/fr\/wp-json\/wp\/v2\/users\/2"}],"replies":[{"embeddable":true,"href":"https:\/\/www.europesays.com\/fr\/wp-json\/wp\/v2\/comments?post=292375"}],"version-history":[{"count":0,"href":"https:\/\/www.europesays.com\/fr\/wp-json\/wp\/v2\/posts\/292375\/revisions"}],"wp:featuredmedia":[{"embeddable":true,"href":"https:\/\/www.europesays.com\/fr\/wp-json\/wp\/v2\/media\/292376"}],"wp:attachment":[{"href":"https:\/\/www.europesays.com\/fr\/wp-json\/wp\/v2\/media?parent=292375"}],"wp:term":[{"taxonomy":"category","embeddable":true,"href":"https:\/\/www.europesays.com\/fr\/wp-json\/wp\/v2\/categories?post=292375"},{"taxonomy":"post_tag","embeddable":true,"href":"https:\/\/www.europesays.com\/fr\/wp-json\/wp\/v2\/tags?post=292375"}],"curies":[{"name":"wp","href":"https:\/\/api.w.org\/{rel}","templated":true}]}}