{"id":292377,"date":"2025-08-02T23:19:17","date_gmt":"2025-08-02T23:19:17","guid":{"rendered":"https:\/\/www.europesays.com\/fr\/292377\/"},"modified":"2025-08-02T23:19:17","modified_gmt":"2025-08-02T23:19:17","slug":"fabrice-poullain-un-match-qui-me-donne-encore-des-cauchemars-bordeaux-paris-en-86","status":"publish","type":"post","link":"https:\/\/www.europesays.com\/fr\/292377\/","title":{"rendered":"Fabrice Poullain : \u00ab\u00a0Un match qui me donne encore des cauchemars ? Bordeaux-Paris, en 86\u00a0\u00bb"},"content":{"rendered":"<p><img width=\"773\" height=\"380\" data-lazy-type=\"image\" src=\"https:\/\/www.europesays.com\/fr\/wp-content\/uploads\/2025\/08\/ICONSPORT_004706_0021-773x380.jpg\" class=\"lazy lazy-hidden attachment-alchemists_thumbnail-lg size-alchemists_thumbnail-lg wp-post-image\" alt=\"\" decoding=\"async\" fetchpriority=\"high\"\/><\/p>\n<p>( Photo by Michel Barrault \/ Onze \/ Icon<br \/>\nSport ) \u2013 Photo by Icon Sport<\/p>\n<p><a href=\"https:\/\/www.lepodcastdeslegendes.com\/le-cheval-de-bataille-fabrice-poullain-2eme-partie\/\" rel=\"nofollow noopener\" target=\"_blank\"><br \/>\nPour Le Podcast des L\u00e9gendes<\/a>, l\u2019ancien joueur du Paris<br \/>\nSaint-Germain,\u00a0<strong>Fabrice Poullain<\/strong>, a r\u00e9pondu \u00e0<br \/>\nla question de savoir quel match le faisait toujours cauchemarder<br \/>\naujourd\u2019hui.<\/p>\n<blockquote>\n<p>\u00ab Il y a des matches o\u00f9\u2026 C\u2019est l\u2019ann\u00e9e o\u00f9 on est Champions avec<br \/>\nParis, et on joue la demi-finale de Coupe de France contre<br \/>\nBordeaux. On doit faire le doubl\u00e9 cette ann\u00e9e-l\u00e0. On doit faire<br \/>\nCoupe-Championnat, et on perd le match retour \u00e0 Bordeaux 2-1. On ne<br \/>\ndoit jamais le perdre. Donc \u00e7a c\u2019est un match qui me marque<br \/>\ntoujours parce que c\u2019\u00e9tait une chance de pouvoir faire le doubl\u00e9.<br \/>\nJe n\u2019ai pas gagn\u00e9 la Coupe de France, et \u00e7a, \u00e7a m\u2019emb\u00eate. J\u2019ai eu<br \/>\nla chance de la jouer avec Monaco contre Marseille, et ce match<br \/>\naussi, o\u00f9 on perd 4-3, o\u00f9 Jean-Pierre Papin met quatre buts, il<br \/>\n\u00e9tait inarr\u00eatable. Ces deux matches-l\u00e0 me restent, parce que ce<br \/>\nsont des matches marquants, et c\u2019est surtout la Coupe\u2026 J\u2019aurais<br \/>\nbien aim\u00e9 soulever la Coupe de France \u00bb.<\/p>\n<\/blockquote>\n<p style=\"text-align: right;\"><a href=\"http:\/\/girondins4ever.com\" rel=\"nofollow noopener\" target=\"_blank\">Retranscription Girondins4Ever<\/a><\/p>\n<p>La feuille de match<\/p>\n<p>Mardi 22.04.1986, Coupe de France, 1\/2 finale, match retour \u00e0<br \/>\nBordeaux, au Parc Lescure<br \/>GIRONDINS DE BORDEAUX F.C. \u2013 PARIS ST-GERMAIN F.C. \u00a02:1<br \/>\n(2:1)<br \/>27 757 spectateurs<br \/><strong>Buts<\/strong> : Reinders, 1\u2032, Safet Su\u0161i\u0107, 20\u2032, R.Girard,<br \/>\n43\u2032.<br \/><strong>Bordeaux\u00a0<\/strong>: Dominique Dropsy \u2013 Patrick<br \/>\nBattiston, Alain Roche, L\u00e9onard Specht (Marc Pascal, 69\u00e8me),<br \/>\nThierry Tusseau, Gernot Rohr, Jean-Christophe Thouvenal \u2013 Ren\u00e9<br \/>\nGirard, Jean Tigana, Alain Giresse (Laurent Lassagne, 59\u00e8me) \u2013 Uwa<br \/>\nReinders.<br \/><strong>Paris<\/strong> : Jo\u0451l Bats \u2013 Michel Bibard, Jean-Marc<br \/>\nPilorget, Philippe Jeannol, Thierry Bacconnier (Claude Lowitz, 75\u2032)<br \/>\n\u2013 Fabrice Poullain, Oumar S\u00e8ne, Safet Su\u0161i\u0107, Franck Tanasi (Omar Da<br \/>\nFonseca, 75\u2032) \u2013 Dominique Rocheteau, Pierre Vermeulen. Entra\u00eeneur :<br \/>\nG\u00e9rard Houllier.<\/p><\/p>\n","protected":false},"excerpt":{"rendered":"( Photo by Michel Barrault \/ Onze \/ Icon Sport ) \u2013 Photo by Icon Sport Pour Le&hellip;\n","protected":false},"author":2,"featured_media":292378,"comment_status":"","ping_status":"","sticky":false,"template":"","format":"standard","meta":{"footnotes":""},"categories":[1888],"tags":[1111,1928,11,1927,1777,674,1011,27,12,1926,626,1925,25],"class_list":{"0":"post-292377","1":"post","2":"type-post","3":"status-publish","4":"format-standard","5":"has-post-thumbnail","7":"category-paris","8":"tag-actu","9":"tag-actu-paris","10":"tag-actualites","11":"tag-actualites-paris","12":"tag-eu","13":"tag-europe","14":"tag-fr","15":"tag-france","16":"tag-news","17":"tag-news-paris","18":"tag-paris","19":"tag-paris-news","20":"tag-republique-francaise"},"share_on_mastodon":{"url":"https:\/\/pubeurope.com\/@fr\/114961734888115131","error":""},"_links":{"self":[{"href":"https:\/\/www.europesays.com\/fr\/wp-json\/wp\/v2\/posts\/292377","targetHints":{"allow":["GET"]}}],"collection":[{"href":"https:\/\/www.europesays.com\/fr\/wp-json\/wp\/v2\/posts"}],"about":[{"href":"https:\/\/www.europesays.com\/fr\/wp-json\/wp\/v2\/types\/post"}],"author":[{"embeddable":true,"href":"https:\/\/www.europesays.com\/fr\/wp-json\/wp\/v2\/users\/2"}],"replies":[{"embeddable":true,"href":"https:\/\/www.europesays.com\/fr\/wp-json\/wp\/v2\/comments?post=292377"}],"version-history":[{"count":0,"href":"https:\/\/www.europesays.com\/fr\/wp-json\/wp\/v2\/posts\/292377\/revisions"}],"wp:featuredmedia":[{"embeddable":true,"href":"https:\/\/www.europesays.com\/fr\/wp-json\/wp\/v2\/media\/292378"}],"wp:attachment":[{"href":"https:\/\/www.europesays.com\/fr\/wp-json\/wp\/v2\/media?parent=292377"}],"wp:term":[{"taxonomy":"category","embeddable":true,"href":"https:\/\/www.europesays.com\/fr\/wp-json\/wp\/v2\/categories?post=292377"},{"taxonomy":"post_tag","embeddable":true,"href":"https:\/\/www.europesays.com\/fr\/wp-json\/wp\/v2\/tags?post=292377"}],"curies":[{"name":"wp","href":"https:\/\/api.w.org\/{rel}","templated":true}]}}