{"id":292379,"date":"2025-08-02T23:20:10","date_gmt":"2025-08-02T23:20:10","guid":{"rendered":"https:\/\/www.europesays.com\/fr\/292379\/"},"modified":"2025-08-02T23:20:10","modified_gmt":"2025-08-02T23:20:10","slug":"previsions-du-dimanche-3-aout-2025-5","status":"publish","type":"post","link":"https:\/\/www.europesays.com\/fr\/292379\/","title":{"rendered":"pr\u00e9visions du dimanche 3 ao\u00fbt 2025"},"content":{"rendered":"<p>Paris va \u00eatre baign\u00e9e de soleil au cours de cette journ\u00e9e. Les valeurs afficheront entre 13 et 26\u00b0C. Une brise d&rsquo;ouest soufflera l\u00e9g\u00e8rement dans la matin\u00e9e. Une m\u00e9t\u00e9o plus chaude est pr\u00e9vue l&rsquo;apr\u00e8s-midi puisque les temp\u00e9ratures vont conna\u00eetre une hausse. Les valeurs s&rsquo;\u00e9chelonneront entre 24\u00b0C et 26\u00b0C. Le passage de dimanche \u00e0 lundi s&rsquo;effectuera sous un ciel d\u00e9pourvu de nuages.<\/p>\n<p>Le soleil se fera d\u00e9sirer demain sur Paris, o\u00f9 de petits nuages sont bien install\u00e9s. C&rsquo;est une hausse de quelques degr\u00e9s que vont enregistrer les temp\u00e9ratures. Les valeurs maximums attendues sont importantes, avec 30\u00b0C. Il va faire en moyenne 24\u00b0C. Un vent de nord-ouest rafra\u00eechira sensiblement l&rsquo;atmosph\u00e8re. On observera la pr\u00e9sence persistante de l\u00e9gers nuages le matin. Le thermom\u00e8tre affichera 22\u00b0C en moyenne. Demain apr\u00e8s-midi, le vent va peu \u00e0 peu chasser les nuages. L&rsquo;air ambiant va se r\u00e9chauffer avec une augmentation de plusieurs degr\u00e9s. L&rsquo;\u00e9pisode de fortes chaleurs est bien l\u00e0, avec des temp\u00e9ratures qui pourront monter jusqu&rsquo;\u00e0 30\u00b0C. Les valeurs seront comprises entre 27 et 30\u00b0C. Dans la soir\u00e9e, les temp\u00e9ratures avoisineront les 26\u00b0C.<\/p>\n<p>Le temps des journ\u00e9es qui suivent va s&rsquo;am\u00e9liorer. On anticipe des journ\u00e9es ensoleill\u00e9es, avec des temp\u00e9ratures dans les 26\u00b0C en moyenne.<\/p>\n<p><\/p>\n","protected":false},"excerpt":{"rendered":"Paris va \u00eatre baign\u00e9e de soleil au cours de cette journ\u00e9e. Les valeurs afficheront entre 13 et 26\u00b0C.&hellip;\n","protected":false},"author":2,"featured_media":292380,"comment_status":"","ping_status":"","sticky":false,"template":"","format":"standard","meta":{"footnotes":""},"categories":[1888],"tags":[11,1777,674,1011,27,662,12,626,2119,25],"class_list":{"0":"post-292379","1":"post","2":"type-post","3":"status-publish","4":"format-standard","5":"has-post-thumbnail","7":"category-paris","8":"tag-actualites","9":"tag-eu","10":"tag-europe","11":"tag-fr","12":"tag-france","13":"tag-ile-de-france","14":"tag-news","15":"tag-paris","16":"tag-previsions-meteo","17":"tag-republique-francaise"},"share_on_mastodon":{"url":"https:\/\/pubeurope.com\/@fr\/114961738868055154","error":""},"_links":{"self":[{"href":"https:\/\/www.europesays.com\/fr\/wp-json\/wp\/v2\/posts\/292379","targetHints":{"allow":["GET"]}}],"collection":[{"href":"https:\/\/www.europesays.com\/fr\/wp-json\/wp\/v2\/posts"}],"about":[{"href":"https:\/\/www.europesays.com\/fr\/wp-json\/wp\/v2\/types\/post"}],"author":[{"embeddable":true,"href":"https:\/\/www.europesays.com\/fr\/wp-json\/wp\/v2\/users\/2"}],"replies":[{"embeddable":true,"href":"https:\/\/www.europesays.com\/fr\/wp-json\/wp\/v2\/comments?post=292379"}],"version-history":[{"count":0,"href":"https:\/\/www.europesays.com\/fr\/wp-json\/wp\/v2\/posts\/292379\/revisions"}],"wp:featuredmedia":[{"embeddable":true,"href":"https:\/\/www.europesays.com\/fr\/wp-json\/wp\/v2\/media\/292380"}],"wp:attachment":[{"href":"https:\/\/www.europesays.com\/fr\/wp-json\/wp\/v2\/media?parent=292379"}],"wp:term":[{"taxonomy":"category","embeddable":true,"href":"https:\/\/www.europesays.com\/fr\/wp-json\/wp\/v2\/categories?post=292379"},{"taxonomy":"post_tag","embeddable":true,"href":"https:\/\/www.europesays.com\/fr\/wp-json\/wp\/v2\/tags?post=292379"}],"curies":[{"name":"wp","href":"https:\/\/api.w.org\/{rel}","templated":true}]}}