{"id":292381,"date":"2025-08-02T23:21:10","date_gmt":"2025-08-02T23:21:10","guid":{"rendered":"https:\/\/www.europesays.com\/fr\/292381\/"},"modified":"2025-08-02T23:21:10","modified_gmt":"2025-08-02T23:21:10","slug":"michel-barnier-exhorte-rachida-dati-a-ne-pas-se-tromper-delection","status":"publish","type":"post","link":"https:\/\/www.europesays.com\/fr\/292381\/","title":{"rendered":"Michel Barnier exhorte Rachida Dati \u00e0 \u00abne pas se tromper\u00bb d&rsquo;\u00e9lection"},"content":{"rendered":"<p>Entre les lignes, l\u2019ancien premier ministre a appel\u00e9 la ministre de la Culture, samedi 2 ao\u00fbt dans La Tribune Dimanche, \u00e0 se d\u00e9sister de la course \u00e0 l\u2019\u00e9lection l\u00e9gislative partielle dans la deuxi\u00e8me circonscription de la capitale.<\/p>\n<p class=\"fig-paragraph\">\u00c0 tout prix, l\u2019ancien premier ministre\u00a0<a href=\"http:\/\/www.lefigaro.fr\/politique\/legislatives-a-paris-les-republicains-investissent-michel-barnier-rachida-dati-maintient-sa-candidature-20250728\" data-fig-type=\"Article\" data-gtm-custom-categorie=\"navigation\" data-gtm-custom-action=\"crossclick\" data-gtm-custom-label=\"Contextuel\" data-gtm-event=\"customEventSPE\" data-fig-domain=\"LEFIGARO\" target=\"_blank\" rel=\"noopener\">Michel Barnier<\/a>\u00a0semble vouloir \u00e9viter la\u00a0<a href=\"http:\/\/www.lefigaro.fr\/elections\/municipales\/legislative-partielle-municipales-2026-a-paris-les-republicains-a-l-heure-du-choix-pour-eviter-la-guerre-des-chefs-entre-barnier-et-dati-20250727\" data-fig-type=\"Article\" data-gtm-custom-categorie=\"navigation\" data-gtm-custom-action=\"crossclick\" data-gtm-custom-label=\"Contextuel\" data-gtm-event=\"customEventSPE\" data-fig-domain=\"LEFIGARO\" target=\"_blank\" rel=\"noopener\">guerre des chefs<\/a>. Dans un entretien accord\u00e9 \u00e0 La Tribune Dimanche samedi 2 ao\u00fbt, le candidat d\u00e9sign\u00e9 par Les R\u00e9publicains pour l\u2019\u00e9lection l\u00e9gislative anticip\u00e9e dans la deuxi\u00e8me circonscription de la capitale, a adress\u00e9 un message \u00e0\u00a0<a href=\"https:\/\/www.lefigaro.fr\/politique\/legislative-partielle-a-paris-rachida-dati-a-t-elle-raison-de-se-maintenir-face-a-michel-barnier-20250729\" data-fig-type=\"Poll\" data-gtm-custom-categorie=\"navigation\" data-gtm-custom-action=\"crossclick\" data-gtm-custom-label=\"Contextuel\" data-gtm-event=\"customEventSPE\" data-fig-domain=\"LEFIGARO\" target=\"_blank\" rel=\"noopener\">Rachida Dati<\/a>, d\u00e9clar\u00e9e candidate avant la d\u00e9cision de sa formation politique.<\/p>\n<p class=\"fig-paragraph\">\u00abJe veux que les Parisiens puissent voter pour plut\u00f4t que contre quelqu\u2019un. C\u2019est \u00e0 Rachida Dati, qui a une ambition l\u00e9gitime pour animer des listes d\u2019union \u00e0 Paris, de ne pas se tromper et de choisir le bon chemin\u00bb, a-t-il comment\u00e9 dans les colonnes du journal. \u00abJe ne suis pas candidat \u00e0 autre chose qu&rsquo;\u00e0 la d\u00e9putation\u00bb, a martel\u00e9 celui qui fut n\u00e9gociateur en chef du Brexit. \u00abRachida Dati le sait. Je le lui ai dit et je l&rsquo;ai m\u00eame \u00e9crit aux adh\u00e9rents Les R\u00e9publicains (&#8230;) Il n&rsquo;y a aucune ambigu\u00eft\u00e9 l\u00e0-dessus\u00bb, a-t-il ajout\u00e9, se disant pr\u00eat \u00e0 soutenir la ministre dans sa course pour l&rsquo;H\u00f4tel de Ville.<\/p>\n<p>                                    <a class=\"fig-a11y-skip a11y-hidden\" href=\"#fig-a11y-skip-main-inarticle\"><br \/>\n        Passer la publicit\u00e9<br \/>\n    <\/a><\/p>\n<p>\u00abJe suis parisien depuis plus de 20 ans\u00bb<\/p>\n<p class=\"fig-paragraph\">Des proches de la maire du VIIe arrondissement, renvoy\u00e9e le 22 juillet en proc\u00e8s pour corruption et trafic d&rsquo;influence, craignent que Michel Barnier ait lui aussi des ambitions pour la mairie de Paris si elle ne pouvait pas se pr\u00e9senter. Ils lui reprochent aussi d&rsquo;\u00eatre \u00abparachut\u00e9\u00bb, argument qu\u2019il r\u00e9fute. \u00abCela fait plus de vingt-cinq ans que j&rsquo;ai quitt\u00e9, volontairement, mes fonctions en Savoie\u00bb, \u00abje suis Parisien depuis plus de vingt ans. J&rsquo;habite depuis plus de douze ans dans cette circonscription\u00bb, a-t-il r\u00e9pondu.<\/p>\n<p class=\"fig-paragraph\">Ces rivalit\u00e9s risquent d&rsquo;entra\u00eener une nouvelle guerre fratricide dont Les R\u00e9publicains sont coutumiers. Pour tenter de l&rsquo;\u00e9viter, LR esp\u00e8re trouver un accord avec Rachida Dati \u00abd&rsquo;ici la rentr\u00e9e\u00bb. Interrog\u00e9 sur les ambitions que lui pr\u00eatent certains pour 2027, Michel Barnier s\u2019est montr\u00e9 \u00e9nigmatique, expliquant qu\u2019il serait \u00abpr\u00e9sent dans le d\u00e9bat public\u00bb pour la pr\u00e9sidentielle et les l\u00e9gislatives.<\/p>\n","protected":false},"excerpt":{"rendered":"Entre les lignes, l\u2019ancien premier ministre a appel\u00e9 la ministre de la Culture, samedi 2 ao\u00fbt dans La&hellip;\n","protected":false},"author":2,"featured_media":292382,"comment_status":"","ping_status":"","sticky":false,"template":"","format":"standard","meta":{"footnotes":""},"categories":[1888],"tags":[11,1777,674,1011,27,27636,12,626,417,25],"class_list":{"0":"post-292381","1":"post","2":"type-post","3":"status-publish","4":"format-standard","5":"has-post-thumbnail","7":"category-paris","8":"tag-actualites","9":"tag-eu","10":"tag-europe","11":"tag-fr","12":"tag-france","13":"tag-michel-barnier","14":"tag-news","15":"tag-paris","16":"tag-rachida-dati","17":"tag-republique-francaise"},"share_on_mastodon":{"url":"https:\/\/pubeurope.com\/@fr\/114961743023272412","error":""},"_links":{"self":[{"href":"https:\/\/www.europesays.com\/fr\/wp-json\/wp\/v2\/posts\/292381","targetHints":{"allow":["GET"]}}],"collection":[{"href":"https:\/\/www.europesays.com\/fr\/wp-json\/wp\/v2\/posts"}],"about":[{"href":"https:\/\/www.europesays.com\/fr\/wp-json\/wp\/v2\/types\/post"}],"author":[{"embeddable":true,"href":"https:\/\/www.europesays.com\/fr\/wp-json\/wp\/v2\/users\/2"}],"replies":[{"embeddable":true,"href":"https:\/\/www.europesays.com\/fr\/wp-json\/wp\/v2\/comments?post=292381"}],"version-history":[{"count":0,"href":"https:\/\/www.europesays.com\/fr\/wp-json\/wp\/v2\/posts\/292381\/revisions"}],"wp:featuredmedia":[{"embeddable":true,"href":"https:\/\/www.europesays.com\/fr\/wp-json\/wp\/v2\/media\/292382"}],"wp:attachment":[{"href":"https:\/\/www.europesays.com\/fr\/wp-json\/wp\/v2\/media?parent=292381"}],"wp:term":[{"taxonomy":"category","embeddable":true,"href":"https:\/\/www.europesays.com\/fr\/wp-json\/wp\/v2\/categories?post=292381"},{"taxonomy":"post_tag","embeddable":true,"href":"https:\/\/www.europesays.com\/fr\/wp-json\/wp\/v2\/tags?post=292381"}],"curies":[{"name":"wp","href":"https:\/\/api.w.org\/{rel}","templated":true}]}}