{"id":292383,"date":"2025-08-02T23:22:12","date_gmt":"2025-08-02T23:22:12","guid":{"rendered":"https:\/\/www.europesays.com\/fr\/292383\/"},"modified":"2025-08-02T23:22:12","modified_gmt":"2025-08-02T23:22:12","slug":"pourquoi-trump-deploie-t-il-deux-sous-marins-nucleaires-pres-de-la-russie","status":"publish","type":"post","link":"https:\/\/www.europesays.com\/fr\/292383\/","title":{"rendered":"Pourquoi Trump d\u00e9ploie-t-il deux sous-marins nucl\u00e9aires pr\u00e8s de la Russie ?"},"content":{"rendered":"<p><strong>Escalade &#8211; Le bras de fer entre les Etats-Unis et la Russie semble se tendre, et les menaces du premier perdent de leur impact alors que la Russie intensifie ses menaces en m\u00eame temps que ses frappes sur l\u2019Ukraine<\/strong><\/p>\n<p>Ce vendredi, le pr\u00e9sident am\u00e9ricain, <a href=\"https:\/\/www.20minutes.fr\/dossier\/donald_trump?at_medium=RSS%20feed&amp;at_campaign=ynews&amp;utm_source=yahoo&amp;utm_medium=rss&amp;utm_campaign=news_feed&amp;utm_content=in_article_link\" rel=\"nofollow noopener\" target=\"_blank\" data-ylk=\"slk:Donald Trump;elm:context_link;itc:0;sec:content-canvas\" class=\"link \">Donald Trump<\/a>, a ordonn\u00e9 le d\u00e9ploiement de deux <a href=\"https:\/\/www.20minutes.fr\/dossier\/sous-marin?at_medium=RSS%20feed&amp;at_campaign=ynews&amp;utm_source=yahoo&amp;utm_medium=rss&amp;utm_campaign=news_feed&amp;utm_content=in_article_link\" rel=\"nofollow noopener\" target=\"_blank\" data-ylk=\"slk:sous-marins nucl\u00e9aires;elm:context_link;itc:0;sec:content-canvas\" class=\"link \">sous-marins nucl\u00e9aires<\/a> en r\u00e9action \u00e0 des commentaires \u00ab\u00a0incendiaires\u00a0\u00bb de l\u2019ancien pr\u00e9sident russe <a href=\"https:\/\/www.20minutes.fr\/monde\/dmitri_medvedev\/?at_medium=RSS%20feed&amp;at_campaign=ynews&amp;utm_source=yahoo&amp;utm_medium=rss&amp;utm_campaign=news_feed&amp;utm_content=in_article_link\" rel=\"nofollow noopener\" target=\"_blank\" data-ylk=\"slk:Dmitri Medvedev;elm:context_link;itc:0;sec:content-canvas\" class=\"link \">Dmitri Medvedev<\/a>, une pouss\u00e9e de fi\u00e8vre qui intervient au moment o\u00f9 Washington durcit le ton envers <a href=\"https:\/\/www.20minutes.fr\/monde\/moscou\/?at_medium=RSS%20feed&amp;at_campaign=ynews&amp;utm_source=yahoo&amp;utm_medium=rss&amp;utm_campaign=news_feed&amp;utm_content=in_article_link\" rel=\"nofollow noopener\" target=\"_blank\" data-ylk=\"slk:Moscou;elm:context_link;itc:0;sec:content-canvas\" class=\"link \">Moscou<\/a> sur la guerre en <a href=\"https:\/\/www.20minutes.fr\/monde\/ukraine\/?at_medium=RSS%20feed&amp;at_campaign=ynews&amp;utm_source=yahoo&amp;utm_medium=rss&amp;utm_campaign=news_feed&amp;utm_content=in_article_link\" rel=\"nofollow noopener\" target=\"_blank\" data-ylk=\"slk:Ukraine;elm:context_link;itc:0;sec:content-canvas\" class=\"link \">Ukraine<\/a>.<\/p>\n<p>Conciliant envers <a href=\"https:\/\/www.20minutes.fr\/monde\/vladimir_poutine\/?at_medium=RSS%20feed&amp;at_campaign=ynews&amp;utm_source=yahoo&amp;utm_medium=rss&amp;utm_campaign=news_feed&amp;utm_content=in_article_link\" rel=\"nofollow noopener\" target=\"_blank\" data-ylk=\"slk:Vladimir Poutine;elm:context_link;itc:0;sec:content-canvas\" class=\"link \">Vladimir Poutine<\/a> apr\u00e8s son retour \u00e0 la Maison Blanche, le milliardaire r\u00e9publicain a menac\u00e9 ces derniers jours d\u2019imposer de nouvelles sanctions contre la <a href=\"https:\/\/www.20minutes.fr\/monde\/russie\/?at_medium=RSS%20feed&amp;at_campaign=ynews&amp;utm_source=yahoo&amp;utm_medium=rss&amp;utm_campaign=news_feed&amp;utm_content=in_article_link\" rel=\"nofollow noopener\" target=\"_blank\" data-ylk=\"slk:Russie;elm:context_link;itc:0;sec:content-canvas\" class=\"link \">Russie<\/a>, qui ignore ses ultimatums et intensifie ses bombardements sur l\u2019Ukraine.<\/p>\n<p>Peu d\u2019informations sur les sous-marins et leur lieu de d\u00e9ploiement<\/p>\n<p>Sur son r\u00e9seau Truth Social, Donald Trump a \u00e9crit avoir \u00ab\u00a0ordonn\u00e9 que deux sous-marins nucl\u00e9aires soient positionn\u00e9s dans les zones appropri\u00e9es, au cas o\u00f9 ces d\u00e9clarations idiotes et incendiaires soient plus s\u00e9rieuses que cela\u00a0\u00bb.<\/p>\n<p>\u00ab\u00a0Les mots comptent et peuvent souvent avoir des cons\u00e9quences impr\u00e9vues, j\u2019esp\u00e8re que cela ne sera pas le cas cette fois\u00a0\u00bb, a averti le pr\u00e9sident des <a href=\"https:\/\/www.20minutes.fr\/monde\/etats-unis\/?at_medium=RSS%20feed&amp;at_campaign=ynews&amp;utm_source=yahoo&amp;utm_medium=rss&amp;utm_campaign=news_feed&amp;utm_content=in_article_link\" rel=\"nofollow noopener\" target=\"_blank\" data-ylk=\"slk:Etats-Unis;elm:context_link;itc:0;sec:content-canvas\" class=\"link \">Etats-Unis<\/a>.<\/p>\n<p>Il n\u2019a pas pr\u00e9cis\u00e9 o\u00f9 exactement les sous-marins seraient envoy\u00e9s, ni s\u2019il s\u2019agissait de submersibles \u00e0 propulsion nucl\u00e9aire ou porteurs d\u2019ogives atomiques.<\/p>\n<p>Interrog\u00e9 peu apr\u00e8s sa d\u00e9cision par un pr\u00e9sentateur de la cha\u00eene Newsmax pour savoir si ces sous-marins \u00e9taient \u00ab\u00a0plus proches de la Russie\u00a0\u00bb, Donald Trump a simplement r\u00e9pondu avec un petit rire\u00a0: \u00ab\u00a0Oui, ils sont plus proches de la Russie\u00a0\u00bb.<\/p>\n<p>La \u00ab\u00a0Main morte\u00a0\u00bb, provocation russe ou v\u00e9ritable menace\u00a0?<\/p>\n<p>Dmitri Medve(&#8230;)<\/p>\n<p><a href=\"https:\/\/www.20minutes.fr\/monde\/4166418-20250802-guerre-ukraine-pourquoi-trump-deploie-deux-sous-marins-nucleaires-pres-russie?at_medium=RSS%20feed&amp;at_campaign=ynews&amp;utm_source=yahoo&amp;utm_medium=rss&amp;utm_campaign=news_feed&amp;utm_content=read_more_link&quot;\" rel=\"nofollow noopener\" target=\"_blank\" data-ylk=\"slk:Lire la suite sur 20minutes;elm:context_link;itc:0;sec:content-canvas\" class=\"link \">Lire la suite sur 20minutes<\/a><\/p>\n<p>\u00c0 lire aussi :<br \/><a href=\"https:\/\/www.20minutes.fr\/monde\/ukraine\/4166337-20250801-guerre-ukraine-russie-avance-poutine-veut-paix-stable-trump-deploie-sous-marins-nucleaires?at_medium=RSS%20feed&amp;at_campaign=ynews&amp;utm_source=yahoo&amp;utm_medium=rss&amp;utm_campaign=news_feed&amp;utm_content=related_content_link\" rel=\"nofollow noopener\" target=\"_blank\" data-ylk=\"slk:Guerre en Ukraine\u00a0: La Russie avance, Poutine veut \u00ab\u00a0une paix stable\u00a0\u00bb et Trump d\u00e9ploie des sous-marins nucl\u00e9aires;elm:context_link;itc:0;sec:content-canvas\" class=\"link \">Guerre en Ukraine\u00a0: La Russie avance, Poutine veut \u00ab\u00a0une paix stable\u00a0\u00bb et Trump d\u00e9ploie des sous-marins nucl\u00e9aires<\/a><br \/><a href=\"https:\/\/www.20minutes.fr\/monde\/ukraine\/4162015-20250704-guerre-ukraine-zelensky-rapproche-trump-russie-bombarde-lourdement?at_medium=RSS%20feed&amp;at_campaign=ynews&amp;utm_source=yahoo&amp;utm_medium=rss&amp;utm_campaign=news_feed&amp;utm_content=related_content_link\" rel=\"nofollow noopener\" target=\"_blank\" data-ylk=\"slk:Guerre en Ukraine\u00a0: Zelensky discute avec Trump, la Russie bombarde massivement;elm:context_link;itc:0;sec:content-canvas\" class=\"link \">Guerre en Ukraine\u00a0: Zelensky discute avec Trump, la Russie bombarde massivement<\/a><\/p>\n","protected":false},"excerpt":{"rendered":"Escalade &#8211; Le bras de fer entre les Etats-Unis et la Russie semble se tendre, et les menaces&hellip;\n","protected":false},"author":2,"featured_media":292384,"comment_status":"","ping_status":"","sticky":false,"template":"","format":"standard","meta":{"footnotes":""},"categories":[1591],"tags":[11,39407,75,73,1887,5493,2489,12,1885,1886,132,43241,220,135],"class_list":{"0":"post-292383","1":"post","2":"type-post","3":"status-publish","4":"format-standard","5":"has-post-thumbnail","7":"category-russie","8":"tag-actualites","9":"tag-dmitri-medvedev","10":"tag-donald-trump","11":"tag-etats-unis","12":"tag-federation-de-russie","13":"tag-lukraine","14":"tag-la-russie","15":"tag-news","16":"tag-russia","17":"tag-russian-federation","18":"tag-russie","19":"tag-sous-marins-nucleaires","20":"tag-ukraine","21":"tag-vladimir-poutine"},"share_on_mastodon":{"url":"https:\/\/pubeurope.com\/@fr\/114961746848036549","error":""},"_links":{"self":[{"href":"https:\/\/www.europesays.com\/fr\/wp-json\/wp\/v2\/posts\/292383","targetHints":{"allow":["GET"]}}],"collection":[{"href":"https:\/\/www.europesays.com\/fr\/wp-json\/wp\/v2\/posts"}],"about":[{"href":"https:\/\/www.europesays.com\/fr\/wp-json\/wp\/v2\/types\/post"}],"author":[{"embeddable":true,"href":"https:\/\/www.europesays.com\/fr\/wp-json\/wp\/v2\/users\/2"}],"replies":[{"embeddable":true,"href":"https:\/\/www.europesays.com\/fr\/wp-json\/wp\/v2\/comments?post=292383"}],"version-history":[{"count":0,"href":"https:\/\/www.europesays.com\/fr\/wp-json\/wp\/v2\/posts\/292383\/revisions"}],"wp:featuredmedia":[{"embeddable":true,"href":"https:\/\/www.europesays.com\/fr\/wp-json\/wp\/v2\/media\/292384"}],"wp:attachment":[{"href":"https:\/\/www.europesays.com\/fr\/wp-json\/wp\/v2\/media?parent=292383"}],"wp:term":[{"taxonomy":"category","embeddable":true,"href":"https:\/\/www.europesays.com\/fr\/wp-json\/wp\/v2\/categories?post=292383"},{"taxonomy":"post_tag","embeddable":true,"href":"https:\/\/www.europesays.com\/fr\/wp-json\/wp\/v2\/tags?post=292383"}],"curies":[{"name":"wp","href":"https:\/\/api.w.org\/{rel}","templated":true}]}}