{"id":292387,"date":"2025-08-02T23:24:10","date_gmt":"2025-08-02T23:24:10","guid":{"rendered":"https:\/\/www.europesays.com\/fr\/292387\/"},"modified":"2025-08-02T23:24:10","modified_gmt":"2025-08-02T23:24:10","slug":"pour-michel-bernier-nous-aurions-pu-avoir-un-autre-accord-avec-donald-trump","status":"publish","type":"post","link":"https:\/\/www.europesays.com\/fr\/292387\/","title":{"rendered":"pour Michel Bernier, nous aurions pu avoir un autre accord avec Donald Trump"},"content":{"rendered":"<p>L&rsquo;ancien Premier ministre a d\u00e9nonc\u00e9 ce samedi 2 ao\u00fbt l&rsquo;accord trouv\u00e9 entre Donald Trump et Ursula von der Leyen, actant d&rsquo;un rehaussement \u00e0 15% des droits de douanes entre l&rsquo;UE et les \u00c9tats-Unis.<\/p>\n<p>Apr\u00e8s <a href=\"https:\/\/www.bfmtv.com\/economie\/economie-social\/union-europeenne\/accord-ue-trump-sur-les-droits-de-douane-une-honte-pour-bompard-un-fiasco-politique-pour-le-pen_AN-202507270321.html\" title=\"&quot;Une capitulation&quot;, &quot;une honte&quot;, &quot;un fiasco politique&quot;: les oppositions \u00e9trillent l&#039;accord sur les droits de douane entre l&#039;UE et les \u00c9tats-Unis\" class=\"internal_link\" rel=\"nofollow noopener\" target=\"_blank\">Jean-Luc M\u00e9lenchon, Marine Le Pen<\/a> ou Fran\u00e7ois Bayrou, Michel Barnier d\u00e9nonce \u00e0 son tour le <a href=\"https:\/\/www.bfmtv.com\/politique\/elysee\/droits-de-douane-l-etonnant-silence-d-emmanuel-macron-apres-l-accord-avec-donald-trump_AN-202507290435.html\" title=\"Droits de douane: l&#039;\u00e9tonnant silence d&#039;Emmanuel Macron apr\u00e8s l&#039;accord avec Donald Trump\" class=\"internal_link\" rel=\"nofollow noopener\" target=\"_blank\">\u00ab\u00a0mauvais accord\u00a0\u00bb douanier<\/a> n\u00e9goci\u00e9 entre <a href=\"https:\/\/www.bfmtv.com\/economie\/economie-social\/union-europeenne\/nous-avons-un-accord-les-etats-unis-et-l-union-europeenne-ont-conclu-un-accord-sur-les-droits-de-douane_AN-202507270275.html\" title=\"&quot;Nous avons un accord&quot;: les \u00c9tats-Unis et l&#039;Union europ\u00e9enne ont conclu un accord sur les droits de douane\" class=\"internal_link\" rel=\"nofollow noopener\" target=\"_blank\">l&rsquo;UE et les \u00c9tats-Unis<\/a> le dimanche 27 juillet.<\/p>\n<p>Dans un entretien accord\u00e9 \u00e0 <a href=\"https:\/\/www.latribune.fr\/la-tribune-dimanche\/dimanche-eco\/michel-barnier-ancien-premier-ministre-ursula-von-der-leyen-va-devoir-rendre-des-comptes-1030823.html\" target=\"_blank\" class=\"external_link\" rel=\"nofollow noopener\">La Tribune Dimanche <\/a>ce samedi 2 ao\u00fbt, l&rsquo;ancien Premier ministre estime que cet accord est \u00ab\u00a0d\u00e9s\u00e9quilibr\u00e9 et dict\u00e9 \u00e0 l&rsquo;Union europ\u00e9enne dans des conditions assez humiliantes\u00a0\u00bb.<\/p>\n<p>Une position \u00ab\u00a0d\u00e9fensive\u00a0\u00bb d\u00e9cri\u00e9e<\/p>\n<p>Le cadre des R\u00e9publicains regrette notamment la position \u00ab\u00a0d\u00e9fensive\u00a0\u00bb adopt\u00e9e par l&rsquo;UE. \u00ab\u00a0L\u2019option de tenir un vrai rapport de force, en pr\u00e9parant des mesures de r\u00e9torsion notamment sur les g\u00e9ants am\u00e9ricains du num\u00e9rique, n\u2019a visiblement jamais \u00e9t\u00e9 consid\u00e9r\u00e9e s\u00e9rieusement\u00a0\u00bb, d\u00e9plore-t-il.<\/p>\n<p>Pour Michel Barnier, le march\u00e9 int\u00e9rieur europ\u00e9en, consid\u00e9r\u00e9 comme \u00ab\u00a0l&rsquo;atout principal\u00a0\u00bb de l&rsquo;UE, aurait d\u00fb \u00eatre mis en avant dans les n\u00e9gociations afin d&rsquo;\u00eatre \u00ab\u00a0capable de tenir le rapport de force\u00a0\u00bb. Au m\u00eame titre que le \u00ab\u00a0d\u00e9ficit tr\u00e8s fort en mati\u00e8re de services\u00a0\u00bb, qui aurait pu permettre, selon lui, d&rsquo;utiliser \u00ab\u00a0les outils \u00e0 notre disposition pour faire pression sur l\u2019industrie de la tech et les services financiers am\u00e9ricains\u00a0\u00bb et ainsi \u00ab\u00a0obtenir un autre accord\u00a0\u00bb.<\/p>\n<p>Les vins et spiritueux, \u00ab\u00a0un jeu consid\u00e9rable\u00a0\u00bb<\/p>\n<p>Comme plusieurs chefs d&rsquo;\u00c9tat europ\u00e9ens, dont Giorgia Meloni ou le chancelier allemand Friedrich Merz, Michel Barnier d\u00e9clare surveiller les exemptions. \u00ab\u00a0Le secteur des vins et spiritueux rev\u00eat un enjeu consid\u00e9rable pour la France vis-\u00e0-vis des \u00c9tats-Unis et de la Chine. Il est un secteur embl\u00e9matique du savoir-faire fran\u00e7ais et c\u2019est une faute de la part des Chinois de l\u2019avoir attaqu\u00e9, tout comme cela le serait de la part des Am\u00e9ricains\u00a0\u00bb, clame-t-il.<\/p>\n<p>Les <a href=\"https:\/\/www.bfmtv.com\/replay-emissions\/week-end-3-d\/video-var-feu-fixe-130-sapeurs-pompiers-mobilises-02-08_VN-202508020268.html\" title=\"Var : feu fix\u00e9, 130 sapeurs-pompiers mobilis\u00e9s - 02\/08\" class=\"internal_link\" rel=\"nofollow noopener\" target=\"_blank\">vins et spiritueux<\/a> de l&rsquo;Union europ\u00e9enne seront soumis \u00e0 des droits de douane de 15% aux \u00c9tats-Unis jusqu&rsquo;\u00e0 ce qu&rsquo;un accord soit \u00e9ventuellement conclu dans le cadre de n\u00e9gociations qui devraient se poursuivre \u00e0 l&rsquo;automne, ont pourtant d\u00e9clar\u00e9 des responsables et diplomates de l&rsquo;UE aupr\u00e8s de <strong><a href=\"https:\/\/www.reuters.com\/business\/eu-wine-spirits-face-15-us-tariff-aug-1-eu-official-2025-07-31\/\" target=\"_blank\" class=\"external_link\" rel=\"nofollow noopener\">Reuters<\/a><\/strong>.<\/p>\n<p>Alors que les droits de douane am\u00e9ricains sur les vins et spiritueux europ\u00e9ens sont actuellement de 10%, l&rsquo;UE souhaite les ramener \u00e0 z\u00e9ro ou au moins, pour le vin, que le taux soit fix\u00e9 selon le principe de \u00ab\u00a0la nation la plus favoris\u00e9e\u00a0\u00bb (NPF), c&rsquo;est-\u00e0-dire sur la base d&rsquo;un co\u00fbt fixe par litre plut\u00f4t qu&rsquo;en pourcentage.<\/p>\n","protected":false},"excerpt":{"rendered":"L&rsquo;ancien Premier ministre a d\u00e9nonc\u00e9 ce samedi 2 ao\u00fbt l&rsquo;accord trouv\u00e9 entre Donald Trump et Ursula von der&hellip;\n","protected":false},"author":2,"featured_media":292388,"comment_status":"","ping_status":"","sticky":false,"template":"","format":"standard","meta":{"footnotes":""},"categories":[1589],"tags":[11,73,1866,12,1864,1865,1863,308],"class_list":{"0":"post-292387","1":"post","2":"type-post","3":"status-publish","4":"format-standard","5":"has-post-thumbnail","7":"category-etats-unis","8":"tag-actualites","9":"tag-etats-unis","10":"tag-etats-unis-damerique","11":"tag-news","12":"tag-united-states","13":"tag-united-states-of-america","14":"tag-us","15":"tag-usa"},"share_on_mastodon":{"url":"https:\/\/pubeurope.com\/@fr\/114961754634617449","error":""},"_links":{"self":[{"href":"https:\/\/www.europesays.com\/fr\/wp-json\/wp\/v2\/posts\/292387","targetHints":{"allow":["GET"]}}],"collection":[{"href":"https:\/\/www.europesays.com\/fr\/wp-json\/wp\/v2\/posts"}],"about":[{"href":"https:\/\/www.europesays.com\/fr\/wp-json\/wp\/v2\/types\/post"}],"author":[{"embeddable":true,"href":"https:\/\/www.europesays.com\/fr\/wp-json\/wp\/v2\/users\/2"}],"replies":[{"embeddable":true,"href":"https:\/\/www.europesays.com\/fr\/wp-json\/wp\/v2\/comments?post=292387"}],"version-history":[{"count":0,"href":"https:\/\/www.europesays.com\/fr\/wp-json\/wp\/v2\/posts\/292387\/revisions"}],"wp:featuredmedia":[{"embeddable":true,"href":"https:\/\/www.europesays.com\/fr\/wp-json\/wp\/v2\/media\/292388"}],"wp:attachment":[{"href":"https:\/\/www.europesays.com\/fr\/wp-json\/wp\/v2\/media?parent=292387"}],"wp:term":[{"taxonomy":"category","embeddable":true,"href":"https:\/\/www.europesays.com\/fr\/wp-json\/wp\/v2\/categories?post=292387"},{"taxonomy":"post_tag","embeddable":true,"href":"https:\/\/www.europesays.com\/fr\/wp-json\/wp\/v2\/tags?post=292387"}],"curies":[{"name":"wp","href":"https:\/\/api.w.org\/{rel}","templated":true}]}}