{"id":292391,"date":"2025-08-02T23:26:14","date_gmt":"2025-08-02T23:26:14","guid":{"rendered":"https:\/\/www.europesays.com\/fr\/292391\/"},"modified":"2025-08-02T23:26:14","modified_gmt":"2025-08-02T23:26:14","slug":"le-nombre-de-cas-de-violence-domestique-en-allemagne-augmente","status":"publish","type":"post","link":"https:\/\/www.europesays.com\/fr\/292391\/","title":{"rendered":"Le nombre de cas de violence domestique en Allemagne augmente"},"content":{"rendered":"<p>                                                Le nombre de cas de violence domestique en Allemagne augmente                    <\/p>\n<p>                        <img decoding=\"async\" src=\"https:\/\/www.europesays.com\/fr\/wp-content\/uploads\/2025\/08\/Screenshot-2025-08-02-200155-600x360.png\" alt=\"\"\/><\/p>\n<p>                            <img decoding=\"async\" src=\"https:\/\/www.europesays.com\/fr\/wp-content\/uploads\/2025\/08\/1754177174_227_LogoExpress-96x96.png\" alt=\"\"\/><\/p>\n<p>                        Gazeta Express<br \/>\n                        02\/08\/2025 20:02<\/p>\n<p>En Allemagne, plus de personnes que jamais ont \u00e9t\u00e9 victimes de violences domestiques en 2024, selon un rapport publi\u00e9 samedi.<\/p>\n<p>Au total, 256.942 3.7 personnes ont \u00e9t\u00e9 victimes de violences domestiques, soit une augmentation de XNUMX pour cent par rapport \u00e0 l&rsquo;ann\u00e9e pr\u00e9c\u00e9dente, rapporte le quotidien allemand Welt am Sonntag, en se basant sur les chiffres de l&rsquo;Office f\u00e9d\u00e9ral de la police.<\/p>\n<p>Mais tous les cas n\u2019ont pas \u00e9t\u00e9 signal\u00e9s, donc le nombre exact est encore plus \u00e9lev\u00e9, selon les experts.<\/p>\n<p>L&rsquo;Association sociale allemande a d\u00e9clar\u00e9 que les derniers chiffres \u00e9taient inqui\u00e9tants.<\/p>\n<p>\u00ab La violence domestique est avant tout une violence contre les femmes, ce qui rend les centres d&rsquo;aide encore plus importants \u00bb, a d\u00e9clar\u00e9 la pr\u00e9sidente de l&rsquo;association, Michaela Engelmeier.<\/p>\n<p>La violence domestique fait r\u00e9f\u00e9rence \u00e0 l\u2019implication dans la violence de personnes qui sont ou ont \u00e9t\u00e9 en couple, ou lorsque la violence s\u2019est produite au sein de la famille, ou si des liens familiaux existent.<\/p>\n<p>Selon les statistiques, le nombre de femmes victimes d\u2019une forme de violence est en augmentation.<\/p>\n<p>Les donn\u00e9es montrent \u00e9galement que la violence domestique a augment\u00e9 de 14 % au cours des cinq derni\u00e8res ann\u00e9es.<\/p>\n<p>Le minist\u00e8re des Affaires familiales a d\u00e9clar\u00e9 au journal que l&rsquo;augmentation du nombre de cas de violence domestique peut \u00eatre attribu\u00e9e \u00e0 \u00ab une augmentation des crises sociales, mais aussi des d\u00e9fis personnels \u00bb.<\/p>\n<p>\u00ab Il se peut toutefois qu\u2019il y ait eu une augmentation de la volont\u00e9 de signaler ces incidents \u00bb, a d\u00e9clar\u00e9 le minist\u00e8re.<\/p>\n<p>En f\u00e9vrier de cette ann\u00e9e, les l\u00e9gislateurs ont adopt\u00e9 une loi visant \u00e0 mieux prot\u00e9ger les victimes. Cette loi exige la mise \u00e0 disposition des services n\u00e9cessaires aux victimes, notamment une protection et un accompagnement psychologique.<\/p>\n<p>Pour se conformer \u00e0 la loi, le Gouvernement versera un total de 2.6 milliards d&rsquo;euros sur la p\u00e9riode 2027-2036 pour r\u00e9pondre aux demandes des \u00c9tats.<\/p>\n<p>De nombreuses organisations se plaignent du manque de soutien dont b\u00e9n\u00e9ficient les victimes de violences conjugales et du fait que les refuges n\u2019ont pas la capacit\u00e9 n\u00e9cessaire pour les prendre en charge.\/REL<\/p>\n","protected":false},"excerpt":{"rendered":"Le nombre de cas de violence domestique en Allemagne augmente Gazeta Express 02\/08\/2025 20:02 En Allemagne, plus de&hellip;\n","protected":false},"author":2,"featured_media":292392,"comment_status":"","ping_status":"","sticky":false,"template":"","format":"standard","meta":{"footnotes":""},"categories":[1587],"tags":[11,672,1804,1805,1803,1777,674,1801,12,1802],"class_list":{"0":"post-292391","1":"post","2":"type-post","3":"status-publish","4":"format-standard","5":"has-post-thumbnail","7":"category-allemagne","8":"tag-actualites","9":"tag-allemagne","10":"tag-bundesrepublik-deutschland","11":"tag-de","12":"tag-deutschland","13":"tag-eu","14":"tag-europe","15":"tag-germany","16":"tag-news","17":"tag-republique-federale-dallemagne"},"share_on_mastodon":{"url":"https:\/\/pubeurope.com\/@fr\/114961762532497309","error":""},"_links":{"self":[{"href":"https:\/\/www.europesays.com\/fr\/wp-json\/wp\/v2\/posts\/292391","targetHints":{"allow":["GET"]}}],"collection":[{"href":"https:\/\/www.europesays.com\/fr\/wp-json\/wp\/v2\/posts"}],"about":[{"href":"https:\/\/www.europesays.com\/fr\/wp-json\/wp\/v2\/types\/post"}],"author":[{"embeddable":true,"href":"https:\/\/www.europesays.com\/fr\/wp-json\/wp\/v2\/users\/2"}],"replies":[{"embeddable":true,"href":"https:\/\/www.europesays.com\/fr\/wp-json\/wp\/v2\/comments?post=292391"}],"version-history":[{"count":0,"href":"https:\/\/www.europesays.com\/fr\/wp-json\/wp\/v2\/posts\/292391\/revisions"}],"wp:featuredmedia":[{"embeddable":true,"href":"https:\/\/www.europesays.com\/fr\/wp-json\/wp\/v2\/media\/292392"}],"wp:attachment":[{"href":"https:\/\/www.europesays.com\/fr\/wp-json\/wp\/v2\/media?parent=292391"}],"wp:term":[{"taxonomy":"category","embeddable":true,"href":"https:\/\/www.europesays.com\/fr\/wp-json\/wp\/v2\/categories?post=292391"},{"taxonomy":"post_tag","embeddable":true,"href":"https:\/\/www.europesays.com\/fr\/wp-json\/wp\/v2\/tags?post=292391"}],"curies":[{"name":"wp","href":"https:\/\/api.w.org\/{rel}","templated":true}]}}