{"id":292403,"date":"2025-08-02T23:32:09","date_gmt":"2025-08-02T23:32:09","guid":{"rendered":"https:\/\/www.europesays.com\/fr\/292403\/"},"modified":"2025-08-02T23:32:09","modified_gmt":"2025-08-02T23:32:09","slug":"celine-boutier-25e-du-british-open-a-lissue-du-troisieme-tour-miyu-yamashita-souffre-mais-garde-la-main-lequipe","status":"publish","type":"post","link":"https:\/\/www.europesays.com\/fr\/292403\/","title":{"rendered":"C\u00e9line Boutier 25e du British Open \u00e0 l&#039;issue du troisi\u00e8me tour, Miyu Yamashita souffre mais garde la main &#8211; L&#039;\u00c9quipe"},"content":{"rendered":"<ol>\n<li><a href=\"https:\/\/news.google.com\/rss\/articles\/CBMi5gFBVV95cUxQNVBsX0NJZllDaEZPZVczOTY1akF1aVpidXIwYVRtX0lXN0dPQldFWlNBa2FoZEtmTG9kN3pNQVRjdGhqYUZfWWVLRWRqc1l6eW0wYjVXRjVXRE5XLVJ5dU1DTDlVWTJaVHp2ZkFZbENoWXJZLThmTmlyLU5IT2dSVVBNYjc2SHhlTTVlQjBFOHdWQU9iR0RhX0xTU2g4bnpIR1ZVMHppLWU0NEtWR2o1UjlzWEM3UXZpYk9XeDM0VDNVOVkxdDNlV2Fma1lyejlraUhlZUtRUlotcy0wNHhjT2V0SEwtZw?oc=5\" target=\"_blank\" rel=\"nofollow noopener\">C\u00e9line Boutier 25e du British Open \u00e0 l&rsquo;issue du troisi\u00e8me tour, Miyu Yamashita souffre mais garde la main<\/a>&nbsp;&nbsp;L&rsquo;\u00c9quipe<\/li>\n<li><a href=\"https:\/\/news.google.com\/rss\/articles\/CBMi9AFBVV95cUxPc0MzaTBWalJIT2QtMnNkdHo5UHFaczlVdzcwNURLODVjUWxVUmRfa2daazNSa0IxWnFDbTk2Tm1VQ3FUREVoR2QxTG9YbnU4NnRid0h2bHV3aVF2em4waG9jVVk5U2xFLXRyYzl2WU50NEd0OGRDbXU4dXNCZHZScDlWZEdTeEVzWkhxTGZlSnRDdmNyaFVGZFE4QVdrTzh6SnpHbm0xMlR0c05oNV9NMjYtRVFoV0E4UDRGZzB5ZXVSZ2VHM29iemV5dllzVHV6TGlMN294dXVldFdmX3AtNEl6b3BITU1xektlUXpoZ3lUbG1M?oc=5\" target=\"_blank\" rel=\"nofollow noopener\">British Open : Yamashita en t\u00eate, Boutier \u00e0 la limite<\/a>&nbsp;&nbsp;Eurosport<\/li>\n<li><a href=\"https:\/\/news.google.com\/rss\/articles\/CBMihAJBVV95cUxOMEl2V3hoaHJHSmJsNXYzZ0VnQ0dncFFNRmJ0NGxFNVkwbjQwSWdxb0xfMG5rRWx6QmY1WFlXald2Sm5pcU5LdFRoUjlfajVCMkRJNlJUNW5ZZ1UzbFFJS0R4aEtwbzc3eGVQSHJTZmlEaUdtR3VtNE8zOGd6R3NqYU5RRWJoT3pZVFlYWGJSOEVIVl9sVXRudDJNOVE3aDhuaHVFYVZyYnVtajVCX08zdmctNUh5dFRqeUVlWjlCaXdUcEtXZGNibEVoZTVRMnJMcDd6VHhHU2dzODFFNjZKUGtSY0prQU5POVQ2azRER2JUZFpGV2g3d2k2Q1B4ZG5FRXIwZA?oc=5\" target=\"_blank\" rel=\"nofollow noopener\">Golf. British Open: Miyu Yashamita conserve la t\u00eate, C\u00e9line Boutier fait une belle remont\u00e9e<\/a>&nbsp;&nbsp;Ouest-France<\/li>\n<li><a href=\"https:\/\/news.google.com\/rss\/articles\/CBMivwFBVV95cUxPdzFRR3lFckg1SHlYVk1Rc2E0UGpZWGs5cDVPS3JvbWlSUEtsNV9sV2k3TW5KSmNfZ0gtUzdadC1UNDRFZG1tTWFqcnNlQjZlR0xRa2J3Vk1QeXdhamFCaHBlU2I5ZE5zZXNqX3Q1bzJqY3NXZWlOYUcwNHg2cWduZUl3eVFuSWUzeE5RWkFScXFlNm9wYkcydlBiVlMzMlRuQ0xFbXp0ZUo4cU9mWG80dGttTkE1MHRMaml4V3dsUQ?oc=5\" target=\"_blank\" rel=\"nofollow noopener\">Takeda et Okayama en t\u00eate apr\u00e8s le premier tour du British Open, Boutier 51e<\/a>&nbsp;&nbsp;L&rsquo;\u00c9quipe<\/li>\n<li><a href=\"https:\/\/news.google.com\/rss\/articles\/CBMixwFBVV95cUxPMnBvVDMxeTdFTzFhb1Y2TUswQ19JcG91eDFJUkZLMzhibkhwa3JCVW1vRWIySmh6TmhGNWhPeUFWUlkzd0hDLS15V3c4V2ZheUtiZldfdHdkS0Z6RHNCVk5fMTBVNC1HaERFVm1udnJZRFhJM2FqUHk5eFdLVHo0R3NWb01iYi1jRmFNRDVGUlJuQzJNck80cFVFVGktY1dzMktPUmVwX2JyQW9kV01EbVh3Q2VMMWc4bmNqSzQzX3otb1BGVHpZ?oc=5\" target=\"_blank\" rel=\"nofollow noopener\">La tr\u00e8s belle r\u00e9action de Pauline Roussin-Bouchard. Delacour et Boutier en salle d\u2019attente<\/a>&nbsp;&nbsp;Golf Plan\u00e8te<\/li>\n<\/ol>\n","protected":false},"excerpt":{"rendered":"C\u00e9line Boutier 25e du British Open \u00e0 l&rsquo;issue du troisi\u00e8me tour, Miyu Yamashita souffre mais garde la main&nbsp;&nbsp;L&rsquo;\u00c9quipe&hellip;\n","protected":false},"author":2,"featured_media":292404,"comment_status":"","ping_status":"","sticky":false,"template":"","format":"standard","meta":{"footnotes":""},"categories":[1418],"tags":[1011,27,1472,60],"class_list":{"0":"post-292403","1":"post","2":"type-post","3":"status-publish","4":"format-standard","5":"has-post-thumbnail","7":"category-golf","8":"tag-fr","9":"tag-france","10":"tag-golf","11":"tag-sports"},"share_on_mastodon":{"url":"https:\/\/pubeurope.com\/@fr\/114961786116229779","error":""},"_links":{"self":[{"href":"https:\/\/www.europesays.com\/fr\/wp-json\/wp\/v2\/posts\/292403","targetHints":{"allow":["GET"]}}],"collection":[{"href":"https:\/\/www.europesays.com\/fr\/wp-json\/wp\/v2\/posts"}],"about":[{"href":"https:\/\/www.europesays.com\/fr\/wp-json\/wp\/v2\/types\/post"}],"author":[{"embeddable":true,"href":"https:\/\/www.europesays.com\/fr\/wp-json\/wp\/v2\/users\/2"}],"replies":[{"embeddable":true,"href":"https:\/\/www.europesays.com\/fr\/wp-json\/wp\/v2\/comments?post=292403"}],"version-history":[{"count":0,"href":"https:\/\/www.europesays.com\/fr\/wp-json\/wp\/v2\/posts\/292403\/revisions"}],"wp:featuredmedia":[{"embeddable":true,"href":"https:\/\/www.europesays.com\/fr\/wp-json\/wp\/v2\/media\/292404"}],"wp:attachment":[{"href":"https:\/\/www.europesays.com\/fr\/wp-json\/wp\/v2\/media?parent=292403"}],"wp:term":[{"taxonomy":"category","embeddable":true,"href":"https:\/\/www.europesays.com\/fr\/wp-json\/wp\/v2\/categories?post=292403"},{"taxonomy":"post_tag","embeddable":true,"href":"https:\/\/www.europesays.com\/fr\/wp-json\/wp\/v2\/tags?post=292403"}],"curies":[{"name":"wp","href":"https:\/\/api.w.org\/{rel}","templated":true}]}}