{"id":292412,"date":"2025-08-02T23:38:14","date_gmt":"2025-08-02T23:38:14","guid":{"rendered":"https:\/\/www.europesays.com\/fr\/292412\/"},"modified":"2025-08-02T23:38:14","modified_gmt":"2025-08-02T23:38:14","slug":"gp-de-hongrie-de-f1-la-reaction-de-max-verstappen-apres-les-qualifications-je-suis-deja-heureux-detre-passe-en-q3-turbo-fr","status":"publish","type":"post","link":"https:\/\/www.europesays.com\/fr\/292412\/","title":{"rendered":"GP de Hongrie de F1 : la r\u00e9action de Max Verstappen apr\u00e8s les qualifications, &quot;Je suis d\u00e9j\u00e0 heureux d&#039;\u00eatre pass\u00e9 en Q3&quot; &#8211; Turbo.fr"},"content":{"rendered":"<ol>\n<li><a href=\"https:\/\/news.google.com\/rss\/articles\/CBMi9AFBVV95cUxPRDV5OVdKNnlWVHNjRHVibll5MVhBcnZIWUtKSlBYX3ZrWGRKaVBlNkVXWjlRRFU5SFdoVnkwY1dIWlVNcTRGWUcyc3FwY0FMbFZjUDR3dzhvSFFwWjNYMzN6c2xoY2Nub3hETDRPRXlBa0tDTWJkWUdza1ExallSbktrM1FiUDNKZkFKeHFISmljdEpvNzRqd2FDQmR4OFFFMHVGUS14WXhtdzdjOE9nMk9qRV9qZ2hWcVBwNHMzSE1jWnNhZkR2WXVWSHRXSnd1WXhvbmE0Uk52UzhNUU82VkxEdzNKYXU3TXNPR2FCOEx6NDJG?oc=5\" target=\"_blank\" rel=\"nofollow noopener\">GP de Hongrie de F1 : la r\u00e9action de Max Verstappen apr\u00e8s les qualifications, \u00ab\u00a0Je suis d\u00e9j\u00e0 heureux d&rsquo;\u00eatre pass\u00e9 en Q3\u00a0\u00bb<\/a>&nbsp;&nbsp;Turbo.fr<\/li>\n<li><a href=\"https:\/\/news.google.com\/rss\/articles\/CBMi0gFBVV95cUxQWGY1LTkyU3Rrd3BaT2tSaG1aWnJmMnJyQW9pZ2o4YU1lQVZtN0pMTW9UaHBqRnNzMjQtLVJFNVNILTFLQjExNWlSa3I5blFpVmMyQjQwZGE3NEhhZk05c1ZIWGduaWlURDVpZVFuLWkyb285emtNV0R0MTZTV3FmN0FSX2RZbHFzeFMtTnRjaXUwMXQ3eng4aUZwWlNuTk96SDdpYTBMb2k1U2lUSjNqclNMRFBJX2E5MGRIREtDZ2dkcGZITjhvOFVjMS1lVXZZaVE?oc=5\" target=\"_blank\" rel=\"nofollow noopener\">Max Verstappen et Red Bull en crise en Hongrie : \u00ab\u00a0Pas de rythme, pas de grip, pas d\u2019\u00e9quilibre\u00a0\u00bb<\/a>&nbsp;&nbsp;f1i.autojournal.fr<\/li>\n<li><a href=\"https:\/\/news.google.com\/rss\/articles\/CBMi2AFBVV95cUxOVk40S1k1MDlwekRrZlpnbzljcXU3Zm8yTHM5N3p4VXNkOWRDX2pxZDNxSHBHOEpNRzgteW5TOWNhSkdCbkItc09WamVhY3FRUGxoN05kSzhWQ0F4cDhlRi1BenlNblNRcWJkZmtfUVZnS2V5ZGZjWEExZzNEWlBjSTVHY0NBa2tnaHJ3d1dIdjE4UE9sUExLWDQwRGtqMS1rV2kzVTIzUDctcTU3bmRNOFlJNWhOTHNkVDhvR0s0YjAzSVRzZjBPUzBHSmZadmx0d2tUXzF5b0Q?oc=5\" target=\"_blank\" rel=\"nofollow noopener\">F1 Le verdict de la FIA sur le cas de la serviette lanc\u00e9e par Verstappen, sanctionn\u00e9 en Hongrie<\/a>&nbsp;&nbsp;Le Mag Sport Auto<\/li>\n<li><a href=\"https:\/\/news.google.com\/rss\/articles\/CBMilwFBVV95cUxQYTV6QWRRbER0TXlITnJ0RUwzYkprdUw1MGxZNWpxdXNMSTF5eXFwT21OUmM5ZGptcHE3S1ZjTHFXMVZDTGpSbTVjWkpiLUstTVRxZWJGZThNdDc3eXNEOHdzdHFzMnZ6c2tmcWdPa19wNlNldE1jR1BEQzhvdnBvaW9Cc1d2bUNYTFlTek1qMUdUbVlFb3RF?oc=5\" target=\"_blank\" rel=\"nofollow noopener\">\u00ab\u00a0Rien ne fonctionne vraiment\u00a0\u00bb : Verstappen d\u00e9\u00e7u par les essais libres en Hongrie<\/a>&nbsp;&nbsp;Motorsport.com<\/li>\n<li><a href=\"https:\/\/news.google.com\/rss\/articles\/CBMi6wFBVV95cUxPejJIWEc2aWRqMHJUTnV1WG9FeFF5S3pVNzJhMG5BMDNPWEZCbjVqM1dxenpteDNpOG10RXIxcjl2V284eWRLRkd3bVVmUHFFR2xRQ1d3Q25iTW9RaXVQNnVxazA4OUhHU2dYSTh3Ni1kQzhRbmFUa2ptVlhNcURjR2t4M2toRThzX0k4bkpvMERBcUloWDEtZVFDWHNDQWhpTVRCSFhiWnBSUmVqQjkwS1M0X3BUMHBPbWpoMHZPYjgwam1BSUZYWDk0OEYzZXk4aERVdWE3bDNzWFFJUVJ6bF9xeDcxdzdlc3hz?oc=5\" target=\"_blank\" rel=\"nofollow noopener\">Formule 1, GP de Hongrie : Max Verstappen jette une serviette de sa voiture lors des essais, Red Bull avertie<\/a>&nbsp;&nbsp;MSN<\/li>\n<\/ol>\n","protected":false},"excerpt":{"rendered":"GP de Hongrie de F1 : la r\u00e9action de Max Verstappen apr\u00e8s les qualifications, \u00ab\u00a0Je suis d\u00e9j\u00e0 heureux&hellip;\n","protected":false},"author":2,"featured_media":292413,"comment_status":"","ping_status":"","sticky":false,"template":"","format":"standard","meta":{"footnotes":""},"categories":[1412],"tags":[1451,1452,1453,1454,1455,1011,27,60],"class_list":{"0":"post-292412","1":"post","2":"type-post","3":"status-publish","4":"format-standard","5":"has-post-thumbnail","7":"category-f1","8":"tag-f1","9":"tag-formula-1","10":"tag-formula1","11":"tag-formule-1","12":"tag-formule1","13":"tag-fr","14":"tag-france","15":"tag-sports"},"share_on_mastodon":{"url":"https:\/\/pubeurope.com\/@fr\/114961809634419694","error":""},"_links":{"self":[{"href":"https:\/\/www.europesays.com\/fr\/wp-json\/wp\/v2\/posts\/292412","targetHints":{"allow":["GET"]}}],"collection":[{"href":"https:\/\/www.europesays.com\/fr\/wp-json\/wp\/v2\/posts"}],"about":[{"href":"https:\/\/www.europesays.com\/fr\/wp-json\/wp\/v2\/types\/post"}],"author":[{"embeddable":true,"href":"https:\/\/www.europesays.com\/fr\/wp-json\/wp\/v2\/users\/2"}],"replies":[{"embeddable":true,"href":"https:\/\/www.europesays.com\/fr\/wp-json\/wp\/v2\/comments?post=292412"}],"version-history":[{"count":0,"href":"https:\/\/www.europesays.com\/fr\/wp-json\/wp\/v2\/posts\/292412\/revisions"}],"wp:featuredmedia":[{"embeddable":true,"href":"https:\/\/www.europesays.com\/fr\/wp-json\/wp\/v2\/media\/292413"}],"wp:attachment":[{"href":"https:\/\/www.europesays.com\/fr\/wp-json\/wp\/v2\/media?parent=292412"}],"wp:term":[{"taxonomy":"category","embeddable":true,"href":"https:\/\/www.europesays.com\/fr\/wp-json\/wp\/v2\/categories?post=292412"},{"taxonomy":"post_tag","embeddable":true,"href":"https:\/\/www.europesays.com\/fr\/wp-json\/wp\/v2\/tags?post=292412"}],"curies":[{"name":"wp","href":"https:\/\/api.w.org\/{rel}","templated":true}]}}