{"id":292414,"date":"2025-08-02T23:39:10","date_gmt":"2025-08-02T23:39:10","guid":{"rendered":"https:\/\/www.europesays.com\/fr\/292414\/"},"modified":"2025-08-02T23:39:10","modified_gmt":"2025-08-02T23:39:10","slug":"tdf-tour-de-france-femmes-7","status":"publish","type":"post","link":"https:\/\/www.europesays.com\/fr\/292414\/","title":{"rendered":"TDF. Tour de France Femmes"},"content":{"rendered":"<p>La d\u00e9ception \u00e9tait forc\u00e9ment palpable chez <strong>Demi Vollering<\/strong> et dans le clan <strong>FDJ-SUEZ<\/strong> \u00e0 l&rsquo;arriv\u00e9e de la 8e \u00e9tape du\u00a0<strong>Tour de France Femmes<\/strong>, \u00e9tape reine de cette 4e \u00e9dition\u00a0qui s&rsquo;achevait au sommet du col de la Madeleine. Grande favorite dans la course au maillot Jaune et encore id\u00e9alement plac\u00e9e au classement g\u00e9n\u00e9ral malgr\u00e9 sa chute en d\u00e9but de semaine, la N\u00e9erlandaise a certainement perdu tout espoir de remporter un 2e succ\u00e8s sur la Grande Boucle ce samedi, subissant la loi d&rsquo;une\u00a0<strong><a href=\"https:\/\/www.cyclismactu.net\/..\/news-tdf-tour-de-france-femmes-pauline-ferrand-prevot-ecrase-8e-etape-coup-double-89413.html?utm_campaign=post-auto&amp;utm_medium=twitter&amp;utm_source=mashup-cyclismactu\" rel=\"nofollow noopener\" target=\"_blank\">Pauline Ferrand-Pr\u00e9vot<\/a><\/strong>\u00a0(Visma | Lease a Bike) en d\u00e9monstration. En difficult\u00e9 quand la course s&rsquo;est acc\u00e9l\u00e9r\u00e9e dans la Madeleine et incapable de suivre la Fran\u00e7aise et l&rsquo;Australienne\u00a0<strong>Sarah Gigante<\/strong>\u00a0(AG Insurance-Soudal Team), <strong>Vollering<\/strong> ne s&rsquo;est malgr\u00e9 tout pas d\u00e9sunie et a pu finir en 4e position, \u00e0 plus de 3 minutes de <strong>PFP<\/strong>. Suffisant pour rester sur le podium provisoire, mais \u00e0 3&rsquo;18\u00a0\u00bb de la nouvelle maillot Jaune, qui a sauf incident ou \u00e9norme d\u00e9faillance course gagn\u00e9e avant la derni\u00e8re \u00e9tape dimanche.<\/p>\n<p>Vid\u00e9o &#8211; Vollering n&rsquo;a rien pu faire contre PFP sur la 8e \u00e9tape ! Lire la suite de l&rsquo;article&#13;<\/p>\n<p>\u00a0<\/p>\n<p>&#13;<br \/>\n\u00ab\u00a0Pour l&rsquo;instant, je suis assez mal en point\u00a0\u00bb&#13;<\/p>\n<p>\u00ab\u00a0Je ne me sens pas vraiment moi-m\u00eame\u00a0\u00bb, a-t-elle confi\u00e9 devant les m\u00e9dias apr\u00e8s la ligne. \u00ab\u00a0Il me manquait juste un peu de puissance dans les jambes. Mon c\u0153ur et mes poumons allaient bien, mais mes jambes \u00e9taient \u00e0 bout de souffle aujourd&rsquo;hui.\u00a0En fait, je me sentais bien au d\u00e9but, mais je n&rsquo;avais aucune r\u00e9ponse \u00e0 l&rsquo;attaque de Gigante. Normalement, je devrais pouvoir suivre. Je suis tr\u00e8s d\u00e9\u00e7ue de moi, bien s\u00fbr, mais c&rsquo;est comme \u00e7a. J&rsquo;ai roul\u00e9 \u00e0 fond jusqu&rsquo;\u00e0 l&rsquo;arriv\u00e9e dans le dernier kilom\u00e8tre. Il ne me restait plus grand-chose, mais c&rsquo;\u00e9tait au moins suffisant pour l\u00e2cher Kasia (Niewiadoma-Phinney). Je peux peut-\u00eatre monter sur le podium au classement g\u00e9n\u00e9ral, mais on verra bien\u2026 Pour l&rsquo;instant, je suis assez mal en point. On r\u00e9cup\u00e8re d&rsquo;abord, et on verra demain (dimanche)\u00a0\u00bb, a conclu une\u00a0<strong>Demi Vollering<\/strong>\u00a0qui accusait forc\u00e9ment le coup apr\u00e8s une telle d\u00e9faite.<\/p>\n<p>Tour de France Femmes avec Zwift &#8211; Classement de la 8\u00e8 \u00e9tape Tour de France Femmes avec Zwift &#8211; Classement g\u00e9n\u00e9ral provisoire apr\u00e8s la 8\u00e8 \u00e9tape<\/p>\n","protected":false},"excerpt":{"rendered":"La d\u00e9ception \u00e9tait forc\u00e9ment palpable chez Demi Vollering et dans le clan FDJ-SUEZ \u00e0 l&rsquo;arriv\u00e9e de la 8e&hellip;\n","protected":false},"author":2,"featured_media":292415,"comment_status":"","ping_status":"","sticky":false,"template":"","format":"standard","meta":{"footnotes":""},"categories":[1411],"tags":[1154,207,211,1011,27,209,60,210,11098,212,208,213],"class_list":{"0":"post-292414","1":"post","2":"type-post","3":"status-publish","4":"format-standard","5":"has-post-thumbnail","7":"category-cyclisme","8":"tag-cycling","9":"tag-cyclisme","10":"tag-ffc","11":"tag-fr","12":"tag-france","13":"tag-route","14":"tag-sports","15":"tag-tour-de-france","16":"tag-tour-de-france-femmes","17":"tag-uci","18":"tag-velo","19":"tag-world-tour"},"share_on_mastodon":{"url":"https:\/\/pubeurope.com\/@fr\/114961813570359087","error":""},"_links":{"self":[{"href":"https:\/\/www.europesays.com\/fr\/wp-json\/wp\/v2\/posts\/292414","targetHints":{"allow":["GET"]}}],"collection":[{"href":"https:\/\/www.europesays.com\/fr\/wp-json\/wp\/v2\/posts"}],"about":[{"href":"https:\/\/www.europesays.com\/fr\/wp-json\/wp\/v2\/types\/post"}],"author":[{"embeddable":true,"href":"https:\/\/www.europesays.com\/fr\/wp-json\/wp\/v2\/users\/2"}],"replies":[{"embeddable":true,"href":"https:\/\/www.europesays.com\/fr\/wp-json\/wp\/v2\/comments?post=292414"}],"version-history":[{"count":0,"href":"https:\/\/www.europesays.com\/fr\/wp-json\/wp\/v2\/posts\/292414\/revisions"}],"wp:featuredmedia":[{"embeddable":true,"href":"https:\/\/www.europesays.com\/fr\/wp-json\/wp\/v2\/media\/292415"}],"wp:attachment":[{"href":"https:\/\/www.europesays.com\/fr\/wp-json\/wp\/v2\/media?parent=292414"}],"wp:term":[{"taxonomy":"category","embeddable":true,"href":"https:\/\/www.europesays.com\/fr\/wp-json\/wp\/v2\/categories?post=292414"},{"taxonomy":"post_tag","embeddable":true,"href":"https:\/\/www.europesays.com\/fr\/wp-json\/wp\/v2\/tags?post=292414"}],"curies":[{"name":"wp","href":"https:\/\/api.w.org\/{rel}","templated":true}]}}