{"id":292418,"date":"2025-08-02T23:41:15","date_gmt":"2025-08-02T23:41:15","guid":{"rendered":"https:\/\/www.europesays.com\/fr\/292418\/"},"modified":"2025-08-02T23:41:15","modified_gmt":"2025-08-02T23:41:15","slug":"la-princesse-beatrice-dorleans-mise-a-lhonneur-a-majorque-au-cours-dune-soiree-de-prestige-en-presence-de-son-fils-francois","status":"publish","type":"post","link":"https:\/\/www.europesays.com\/fr\/292418\/","title":{"rendered":"La princesse B\u00e9atrice d&rsquo;Orl\u00e9ans mise \u00e0 l&rsquo;honneur \u00e0 Majorque au cours d&rsquo;une soir\u00e9e de prestige en pr\u00e9sence de son fils Fran\u00e7ois"},"content":{"rendered":"<p>La princesse B\u00e9atrice d\u2019Orl\u00e9ans \u00e9tait la star de la soir\u00e9e de remise des prix des Majorquins de l\u2019\u00e9t\u00e9 \u00e0 l\u2019h\u00f4tel Valpara\u00edso \u00e0 Palma. L\u2019aristocrate fran\u00e7aise est devenue l\u2019une des plus c\u00e9l\u00e8bres ambassadrices des Bal\u00e9ares. Son d\u00e9vouement \u00e0 promouvoir l\u2019archipel et le luxe espagnol dans le monde entier a \u00e9t\u00e9 r\u00e9compens\u00e9 au cours d\u2019une soir\u00e9e \u00e0 laquelle ont assist\u00e9 des personnalit\u00e9s locales ainsi que son plus jeune fils, le prince Fran\u00e7ois d\u2019Orl\u00e9ans.<\/p>\n<p><strong>Lire aussi : <a href=\"https:\/\/histoiresroyales.fr\/bapteme-prince-nicolas-dorleans-chateau-de-schonach\/\" target=\"_blank\" rel=\"noopener\">Bapt\u00eame du prince Nicolas d\u2019Orl\u00e9ans au ch\u00e2teau de Sch\u00f6nach<\/a><\/strong><\/p>\n<p>La princesse B\u00e9atrice d\u2019Orl\u00e9ans a re\u00e7u le troph\u00e9e de la Majorquine de l\u2019\u00e9t\u00e9<\/p>\n<p>Cela fait plusieurs d\u00e9cennies que la princesse B\u00e9atrice d\u2019Orl\u00e9ans, 83 ans, s\u2019est install\u00e9e aux Bal\u00e9ares, l\u00e0 o\u00f9 vit \u00e9galement son deuxi\u00e8me fils, le prince Fran\u00e7ois. \u00c0 partir de 1985, B\u00e9atrice a dirig\u00e9 la maison Dior en Espagne et au Portugal. Depuis lors, elle n\u2019a plus quitt\u00e9 ni le monde du luxe ni la p\u00e9ninsule ib\u00e9rique. Elle est d\u2019ailleurs la cofondatrice de l\u2019association Luxury Spain. Pour son engagement professionnel en Espagne, Beatrice d\u2019Orl\u00e9ans a obtenu la m\u00e9daille de l\u2019ordre d\u2019Isabelle la Catholique en 2020. En France, la princesse est aussi chevalier de la L\u00e9gion d\u2019honneur depuis 2009.<\/p>\n<p><img fetchpriority=\"high\" decoding=\"async\" width=\"972\" height=\"1400\" src=\"https:\/\/www.europesays.com\/fr\/wp-content\/uploads\/2025\/08\/princesse-beatrice-orleans-recompensee-majorquine-de-lete-972x1400.jpg\" alt=\"\" class=\"wp-image-214976 lazyload\" data-  \/>La princesse B\u00e9atrice d\u2019Orl\u00e9ans et son deuxi\u00e8me fils, le prince Fran\u00e7ois, comte de Dreux, ce 1er ao\u00fbt \u00e0 Palma de Majorque (Photo : GJL\/GTres\/ABACAPRESS.COM)<\/p>\n<p><strong>Lire aussi : <a href=\"https:\/\/histoiresroyales.fr\/prince-charles-philippe-retablissement-service-national-obligatoire-desintegration-sociale\/\" target=\"_blank\" rel=\"noopener\">Le prince Charles-Philippe appelle au r\u00e9tablissement du service national obligatoire en r\u00e9ponse \u00e0 la \u00ab\u00a0d\u00e9sint\u00e9gration sociale\u00a0\u00bb<\/a><\/strong><\/p>\n<p>L\u2019association Mallorquines de Verano a d\u00e9cid\u00e9 cette ann\u00e9e de r\u00e9compenser cette Majorquine de c\u0153ur, en lui remettant le 11e prix des Majorquins de l\u2019\u00e9t\u00e9. Le prix est remis chaque ann\u00e9e \u00e0 une personnalit\u00e9 \u00e9trang\u00e8re de l\u2019\u00eele qui a fait de Majorque sa terre de c\u0153ur. La c\u00e9r\u00e9monie s\u2019est d\u00e9roul\u00e9e ce 1er ao\u00fbt 2025 \u00e0 la Suite 702, qui est la terrasse de l\u2019h\u00f4tel GPRO Valpara\u00edso\u00a0de Palma.<\/p>\n<p><img loading=\"lazy\" decoding=\"async\" width=\"1400\" height=\"1149\" src=\"https:\/\/www.europesays.com\/fr\/wp-content\/uploads\/2025\/08\/Majorque-carte-palma-1400x1149.jpg\" alt=\"\" class=\"wp-image-214824 lazyload\" data-  \/>La soir\u00e9e de remise des prix s\u2019est d\u00e9roul\u00e9e dans un h\u00f4tel de Palma, la capitale des Bal\u00e9ares (Image : Histoires Royales)<\/p>\n<p><strong>Lire aussi : <a href=\"https:\/\/histoiresroyales.fr\/prince-charles-philippe-dorleans-visite-le-chateau-de-chantilly-franck-ferrand-prix-hugues-capet\/\" target=\"_blank\" rel=\"noopener\">Le prince Charles-Philippe d\u2019Orl\u00e9ans visite le ch\u00e2teau de Chantilly de ses anc\u00eatres avec Franck Ferrand<\/a><\/strong><\/p>\n<p>Le prince Fran\u00e7ois d\u2019Orl\u00e9ans fier de sa m\u00e8re \u00e0 Majorque<\/p>\n<p>La princesse B\u00e9atrice a re\u00e7u le troph\u00e9e en verre souffl\u00e9 repr\u00e9sentant un palmier des mains de Toni Ferrer\u00a0et\u00a0Tommy Ferragut, respectivement pr\u00e9sident et cofondateur de l\u2019association. Le palmier est l\u2019arbre embl\u00e8me de la ville de Palma, la capitale majorquine. Le palmier est aussi un symbole d\u2019hospitalit\u00e9. \u00ab Vous avez beaucoup de chance de vivre sur cette \u00eele \u00bb, a d\u00e9clar\u00e9 l\u2019heureuse r\u00e9cipiendaire du prix, comme le rapporte <a href=\"https:\/\/www.eldebate.com\/gente\/20250802\/beatriz-orleans-recibe-nuevo-titulo-mallorquina-verano_322873.html\" target=\"_blank\" rel=\"noreferrer noopener nofollow\">El Debate<\/a>. \u00ab J\u2019aime tout \u00e0 Majorque : les gens, la culture. Tout \u00bb, a assur\u00e9 la princesse B\u00e9atrice. <\/p>\n<p><img loading=\"lazy\" decoding=\"async\" width=\"1300\" height=\"917\" src=\"https:\/\/www.europesays.com\/fr\/wp-content\/uploads\/2025\/08\/palma-de-majorque-prix-princesse-beatrice.jpg\" alt=\"\" class=\"wp-image-214978 lazyload\" data-  \/>La princesse Beatrice re\u00e7oit le troph\u00e9e de la Majorquine de l\u2019\u00e9t\u00e9 (Photo : GJL\/GTres\/ABACAPRESS.COM)<\/p>\n<p>Le journal espagnol <a href=\"https:\/\/www.ultimahora.es\/noticias\/sociedad\/2025\/08\/01\/2442559\/mallorquina-verano-2025.html\" target=\"_blank\" rel=\"noreferrer noopener nofollow\">Ultima Ora<\/a> explique que la princesse Beatrice est une \u00ab\u00a0femme d\u2019une grande beaut\u00e9, \u00e9l\u00e9gante et raffin\u00e9e \u00bb et que ce prix est largement m\u00e9rit\u00e9. \u00ab Elle a toujours \u00e9t\u00e9 professionnellement li\u00e9e au luxe et a \u00e9t\u00e9\u00a0l\u2019\u00e9g\u00e9rie de Christian Dior pendant plus de 30 ans\u00a0\u00bb.<\/p>\n<p><img loading=\"lazy\" decoding=\"async\" width=\"1014\" height=\"1400\" src=\"https:\/\/www.europesays.com\/fr\/wp-content\/uploads\/2025\/08\/norma-duval-princesse-beatrice-majorque-1014x1400.jpg\" alt=\"\" class=\"wp-image-214980 lazyload\" data-  \/>La vedette espagnole Norma Duval, pr\u00e9c\u00e9dente r\u00e9cipiendaire du prix, a f\u00e9licit\u00e9 son amie pour sa distinction (Photo : GJL\/GTres\/ABACAPRESS.COM)<\/p>\n<p><strong>Lire aussi : <a href=\"https:\/\/histoiresroyales.fr\/royautes-et-noblesse-italienne-reunies-par-la-princesse-antonella-dorleans-bourbon-pour-une-soiree-raffinee-a-rome\/\" target=\"_blank\" rel=\"noopener\">Royaut\u00e9s et noblesse italienne r\u00e9unies par la princesse Antonella d\u2019Orl\u00e9ans-Bourbon pour une soir\u00e9e raffin\u00e9e \u00e0 Rome<\/a><\/strong><\/p>\n<p>La princesse B\u00e9atrice a partag\u00e9 cet heureux moment avec des personnalit\u00e9s locales, des amis et \u00e9galement son deuxi\u00e8me fils, le prince Fran\u00e7ais, comte de Dreux. La princesse Beatrice a quatre enfants et treize petits-enfants, dont quatre vivent \u00e0 Majorque avec le prince Fran\u00e7ois et son \u00e9pouse, la princesse Teresa. Apr\u00e8s la remise du prix, un d\u00eener \u00e9tait servi aux invit\u00e9s. <a href=\"https:\/\/www.vanitatis.elconfidencial.com\/famosos\/2025-08-02\/beatriz-orleans-norma-duval-plan-verano-mallorca-premio_4185007\/\" target=\"_blank\" rel=\"noreferrer noopener nofollow\">Vanitatis<\/a> pr\u00e9cise que le menu \u00e9tait con\u00e7u par le chef\u00a0Carlos Botella, \u00ab mettant \u00e0 l\u2019honneur des produits locaux et des vins de l\u2019appellation Pla i Llevant. \u00bb<\/p>\n<p>\t\t\t\t<img loading=\"lazy\" alt=\"Avatar photo\" src=\"https:\/\/www.europesays.com\/fr\/wp-content\/uploads\/2025\/04\/1516945716303-164x164.jpeg\"  class=\"avatar avatar-164 photo lazyload\" height=\"164\" width=\"164\" decoding=\"async\"\/><br \/>\n\t\t<a href=\"https:\/\/histoiresroyales.fr\/author\/royaliste123\/\" target=\"_blank\" rel=\"noopener\">Nicolas Fontaine<\/a><br \/>\n\t\t\t\t\tR\u00e9dacteur en chef<\/p>\n<p>Nicolas Fontaine a \u00e9t\u00e9 concepteur-r\u00e9dacteur et auteur pour de nombreuses marques et m\u00e9dias belges et fran\u00e7ais. Sp\u00e9cialiste de l&rsquo;actualit\u00e9 des familles royales, Nicolas a fond\u00e9 le site Histoires royales dont il est le r\u00e9dacteur en chef.&#13;<br \/>\n&#13;<br \/>\nnicolas@histoiresroyales.fr<\/p>\n<p>\t\t\t\t\t\t\t<a href=\"https:\/\/twitter.com\/ActusRoyales\" class=\"boxed-icon fill twitter\" target=\"_blank\" rel=\"noopener\"><\/a><br \/>\n\t\t\t\t\t\t\t\t\t<a href=\"https:\/\/www.instagram.com\/histoiresroyales.fr\/\" class=\"boxed-icon fill instagram\" target=\"_blank\" rel=\"noopener\"><\/a><\/p>\n<p>\t\t\t\t\t\t\t\t\t\t\t\t\t<script async src=\"https:\/\/platform.twitter.com\/widgets.js\" charset=\"utf-8\"><\/script><script async src=\"\/\/www.instagram.com\/embed.js\"><\/script><\/p>\n","protected":false},"excerpt":{"rendered":"La princesse B\u00e9atrice d\u2019Orl\u00e9ans \u00e9tait la star de la soir\u00e9e de remise des prix des Majorquins de l\u2019\u00e9t\u00e9&hellip;\n","protected":false},"author":2,"featured_media":292419,"comment_status":"","ping_status":"","sticky":false,"template":"","format":"standard","meta":{"footnotes":""},"categories":[1359],"tags":[43242,28111,58,59,1011,27,43243,41236,973,43244],"class_list":{"0":"post-292418","1":"post","2":"type-post","3":"status-publish","4":"format-standard","5":"has-post-thumbnail","7":"category-people","8":"tag-bu00e9atrice-dorlu00e9ans","9":"tag-distinction","10":"tag-divertissement","11":"tag-entertainment","12":"tag-fr","13":"tag-france","14":"tag-franu00e7ois-dorlu00e9ans","15":"tag-majorque","16":"tag-people","17":"tag-ru00e9compense"},"share_on_mastodon":{"url":"https:\/\/pubeurope.com\/@fr\/114961821536983029","error":""},"_links":{"self":[{"href":"https:\/\/www.europesays.com\/fr\/wp-json\/wp\/v2\/posts\/292418","targetHints":{"allow":["GET"]}}],"collection":[{"href":"https:\/\/www.europesays.com\/fr\/wp-json\/wp\/v2\/posts"}],"about":[{"href":"https:\/\/www.europesays.com\/fr\/wp-json\/wp\/v2\/types\/post"}],"author":[{"embeddable":true,"href":"https:\/\/www.europesays.com\/fr\/wp-json\/wp\/v2\/users\/2"}],"replies":[{"embeddable":true,"href":"https:\/\/www.europesays.com\/fr\/wp-json\/wp\/v2\/comments?post=292418"}],"version-history":[{"count":0,"href":"https:\/\/www.europesays.com\/fr\/wp-json\/wp\/v2\/posts\/292418\/revisions"}],"wp:featuredmedia":[{"embeddable":true,"href":"https:\/\/www.europesays.com\/fr\/wp-json\/wp\/v2\/media\/292419"}],"wp:attachment":[{"href":"https:\/\/www.europesays.com\/fr\/wp-json\/wp\/v2\/media?parent=292418"}],"wp:term":[{"taxonomy":"category","embeddable":true,"href":"https:\/\/www.europesays.com\/fr\/wp-json\/wp\/v2\/categories?post=292418"},{"taxonomy":"post_tag","embeddable":true,"href":"https:\/\/www.europesays.com\/fr\/wp-json\/wp\/v2\/tags?post=292418"}],"curies":[{"name":"wp","href":"https:\/\/api.w.org\/{rel}","templated":true}]}}