{"id":292420,"date":"2025-08-02T23:42:14","date_gmt":"2025-08-02T23:42:14","guid":{"rendered":"https:\/\/www.europesays.com\/fr\/292420\/"},"modified":"2025-08-02T23:42:14","modified_gmt":"2025-08-02T23:42:14","slug":"une-abeille-noire-geante-a-decouvrir-dans-le-jardin-de-lartiste-jiem-bourasseau","status":"publish","type":"post","link":"https:\/\/www.europesays.com\/fr\/292420\/","title":{"rendered":"une abeille noire g\u00e9ante \u00e0 d\u00e9couvrir dans le jardin de l\u2019artiste JieM Bourasseau"},"content":{"rendered":"<p>Par-del\u00e0 les soudures, les croquis et les amas d\u2019acier, c\u2019est maintenant une abeille de trois m\u00e8tres qui incarne l\u2019\u00e9lan cr\u00e9atif de JieM Bourasseau. \u00c0 Nueil-les-Aubiers, cet autodidacte est bien plus qu\u2019un sculpteur\u00a0: il est un artisan de la mati\u00e8re vivante, un po\u00e8te du m\u00e9tal.<\/p>\n<p>Avant de plonger dans l\u2019univers artistique, JieM\u00a0Bourasseau a suivi un CAP de m\u00e9canicien automobile. S\u2019en est suivi le service militaire, puis un emploi dans le montage et la livraison, des exp\u00e9riences qui, sans le savoir, aff\u00fbtaient sa main et son \u0153il aux exigences techniques. En 2004, il franchit un cap d\u00e9cisif et adopte officiellement le statut d\u2019artiste&#8230;. <\/p>\n<p>    Cet article a \u00e9t\u00e9 tronqu\u00e9. Abonnez-vous pour lire l&rsquo;article complet sur notre site.<\/p>\n<p style=\"margin: 0 !important; padding: 0 !important; font-size: 12px !important;\">Cet article a \u00e9t\u00e9 tronqu\u00e9. Abonnez-vous pour lire l&rsquo;article complet.<\/p>\n<p>    <a href=\"https:\/\/www.lanouvellerepublique.fr\/abonnements\" style=\"display: inline-block; margin-top: 5px !important; padding: 6px 12px !important; background: #cb1c27; color: white; text-decoration: none; border-radius: 4px; font-size: 12px !important;\" target=\"_blank\" rel=\"noopener\"><br \/>\n      S&rsquo;abonner<br \/>\n    <\/a><\/p>\n","protected":false},"excerpt":{"rendered":"Par-del\u00e0 les soudures, les croquis et les amas d\u2019acier, c\u2019est maintenant une abeille de trois m\u00e8tres qui incarne&hellip;\n","protected":false},"author":2,"featured_media":292421,"comment_status":"","ping_status":"","sticky":false,"template":"","format":"standard","meta":{"footnotes":""},"categories":[1358],"tags":[1392,20158,1477,1348,1384,1385,6753,1674,1386,2545,58,59,1349,1011,27,1393,43245],"class_list":{"0":"post-292420","1":"post","2":"type-post","3":"status-publish","4":"format-standard","5":"has-post-thumbnail","7":"category-arts-et-design","8":"tag-a-la-une-local","9":"tag-agglo2b","10":"tag-artisanat","11":"tag-arts","12":"tag-arts-and-design","13":"tag-arts-et-design","14":"tag-bressuire","15":"tag-communes","16":"tag-design","17":"tag-deux-sevres","18":"tag-divertissement","19":"tag-entertainment","20":"tag-expositions","21":"tag-fr","22":"tag-france","23":"tag-loisirs","24":"tag-nueil-les-aubiers"},"share_on_mastodon":{"url":"https:\/\/pubeurope.com\/@fr\/114961825338078303","error":""},"_links":{"self":[{"href":"https:\/\/www.europesays.com\/fr\/wp-json\/wp\/v2\/posts\/292420","targetHints":{"allow":["GET"]}}],"collection":[{"href":"https:\/\/www.europesays.com\/fr\/wp-json\/wp\/v2\/posts"}],"about":[{"href":"https:\/\/www.europesays.com\/fr\/wp-json\/wp\/v2\/types\/post"}],"author":[{"embeddable":true,"href":"https:\/\/www.europesays.com\/fr\/wp-json\/wp\/v2\/users\/2"}],"replies":[{"embeddable":true,"href":"https:\/\/www.europesays.com\/fr\/wp-json\/wp\/v2\/comments?post=292420"}],"version-history":[{"count":0,"href":"https:\/\/www.europesays.com\/fr\/wp-json\/wp\/v2\/posts\/292420\/revisions"}],"wp:featuredmedia":[{"embeddable":true,"href":"https:\/\/www.europesays.com\/fr\/wp-json\/wp\/v2\/media\/292421"}],"wp:attachment":[{"href":"https:\/\/www.europesays.com\/fr\/wp-json\/wp\/v2\/media?parent=292420"}],"wp:term":[{"taxonomy":"category","embeddable":true,"href":"https:\/\/www.europesays.com\/fr\/wp-json\/wp\/v2\/categories?post=292420"},{"taxonomy":"post_tag","embeddable":true,"href":"https:\/\/www.europesays.com\/fr\/wp-json\/wp\/v2\/tags?post=292420"}],"curies":[{"name":"wp","href":"https:\/\/api.w.org\/{rel}","templated":true}]}}