{"id":292422,"date":"2025-08-02T23:43:09","date_gmt":"2025-08-02T23:43:09","guid":{"rendered":"https:\/\/www.europesays.com\/fr\/292422\/"},"modified":"2025-08-02T23:43:09","modified_gmt":"2025-08-02T23:43:09","slug":"feria-du-livre-de-millas-le-laureat-est-6-cargos-noirs-nimeno-ii","status":"publish","type":"post","link":"https:\/\/www.europesays.com\/fr\/292422\/","title":{"rendered":"Feria du livre de Millas : le laur\u00e9at est \u00ab\u00a06 cargos noirs Nime\u00f1o II\u00a0\u00bb"},"content":{"rendered":"<p>Chaque ann\u00e9e, pendant la feria (du 7 au 10 ao\u00fbt), se tient La feria du livre qui aura lieu le <b>samedi 9 ao\u00fbt<\/b> \u00e0 16 h 30 \u00e0 la Maison du parc. Celle-ci est organis\u00e9e par le comit\u00e9 d\u2019animations culturelles de Millas, en collaboration avec le Centre m\u00e9diterran\u00e9en de litt\u00e9rature. La remise du prix 2025 r\u00e9unira les auteurs pr\u00e9sents, ainsi que de nombreux invit\u00e9s et des s\u00e9ances de d\u00e9dicaces.<\/p>\n<p>Cette ann\u00e9e sera pr\u00e9sent\u00e9 le laur\u00e9at : 6 cargos noirs Nime\u00f1o II aux \u00e9ditions Atelier Baie \u2013 collection Carnets taurins.<\/p>\n<p>\u00ab\u00a0Apr\u00e8s avoir reconstitu\u00e9 en 2017 la l\u00e9gendaire corrida opposant Bastonito \u00e0 Rinc\u00f3n, nous avons souhait\u00e9 rassembler les traces \u00e9crites et iconographiques d\u2019une autre course mythique : celle du 14 mai 1989, o\u00f9 Nime\u00f1o II affronta seul six Guardiola \u2013 six cargos noirs, comme les a qualifi\u00e9s Jacques Durand dans les ar\u00e8nes de N\u00eemes, \u00e0 la suite de la blessure de Victor Mendes\u00a0\u00bb. \u00c0 noter que 15 tirages de t\u00eate sont augment\u00e9s d\u2019une gravure sign\u00e9e par Sylvain Fraysse, \u00e9preuves num\u00e9rot\u00e9es par l\u2019artiste.<\/p>\n","protected":false},"excerpt":{"rendered":"Chaque ann\u00e9e, pendant la feria (du 7 au 10 ao\u00fbt), se tient La feria du livre qui aura&hellip;\n","protected":false},"author":2,"featured_media":292423,"comment_status":"","ping_status":"","sticky":false,"template":"","format":"standard","meta":{"footnotes":""},"categories":[1357],"tags":[1379,58,59,1011,27,1380],"class_list":{"0":"post-292422","1":"post","2":"type-post","3":"status-publish","4":"format-standard","5":"has-post-thumbnail","7":"category-livres","8":"tag-books","9":"tag-divertissement","10":"tag-entertainment","11":"tag-fr","12":"tag-france","13":"tag-livres"},"share_on_mastodon":{"url":"https:\/\/pubeurope.com\/@fr\/114961829455354469","error":""},"_links":{"self":[{"href":"https:\/\/www.europesays.com\/fr\/wp-json\/wp\/v2\/posts\/292422","targetHints":{"allow":["GET"]}}],"collection":[{"href":"https:\/\/www.europesays.com\/fr\/wp-json\/wp\/v2\/posts"}],"about":[{"href":"https:\/\/www.europesays.com\/fr\/wp-json\/wp\/v2\/types\/post"}],"author":[{"embeddable":true,"href":"https:\/\/www.europesays.com\/fr\/wp-json\/wp\/v2\/users\/2"}],"replies":[{"embeddable":true,"href":"https:\/\/www.europesays.com\/fr\/wp-json\/wp\/v2\/comments?post=292422"}],"version-history":[{"count":0,"href":"https:\/\/www.europesays.com\/fr\/wp-json\/wp\/v2\/posts\/292422\/revisions"}],"wp:featuredmedia":[{"embeddable":true,"href":"https:\/\/www.europesays.com\/fr\/wp-json\/wp\/v2\/media\/292423"}],"wp:attachment":[{"href":"https:\/\/www.europesays.com\/fr\/wp-json\/wp\/v2\/media?parent=292422"}],"wp:term":[{"taxonomy":"category","embeddable":true,"href":"https:\/\/www.europesays.com\/fr\/wp-json\/wp\/v2\/categories?post=292422"},{"taxonomy":"post_tag","embeddable":true,"href":"https:\/\/www.europesays.com\/fr\/wp-json\/wp\/v2\/tags?post=292422"}],"curies":[{"name":"wp","href":"https:\/\/api.w.org\/{rel}","templated":true}]}}