{"id":292424,"date":"2025-08-02T23:44:29","date_gmt":"2025-08-02T23:44:29","guid":{"rendered":"https:\/\/www.europesays.com\/fr\/292424\/"},"modified":"2025-08-02T23:44:29","modified_gmt":"2025-08-02T23:44:29","slug":"le-restaurant-la-chti-alsace-a-mande","status":"publish","type":"post","link":"https:\/\/www.europesays.com\/fr\/292424\/","title":{"rendered":"le restaurant la Ch&rsquo;ti Alsace \u00e0 Mande &#8230;"},"content":{"rendered":"<p>EN BREF<\/p>\n<ul class=\"bloc_resume_post_list\">\n<li>L\u00a0\u00bb\u00e9mission &lsquo;Cauchemar en cuisine&rsquo;, popularis\u00e9e par Gordon<br \/>\nRamsay, a \u00e9t\u00e9 adapt\u00e9e en France en 2011 sur M6 avec Philippe<br \/>\nEtchebest comme chef principal.<\/li>\n<li>Le 2 ao\u00fbt 2025, M6 rediffusera un \u00e9pisode de 2017 o\u00f9<br \/>\nPhilippe Etchebest aide un restaurant familial \u00e0<br \/>\nMandelieu-la-Napoule, confront\u00e9 \u00e0 des difficult\u00e9s<br \/>\nfinanci\u00e8res.<\/li>\n<li>D\u00e9couvrez comment le chef Etchebest s&rsquo;attaque aux d\u00e9fis<br \/>\nd&rsquo;un restaurant ch&rsquo;ti et alsacien dans le sud de la France, tout en<br \/>\ng\u00e9rant les tensions familiales.<\/li>\n<\/ul>\n<p style=\"text-align: left;\">Popularis\u00e9e par le c\u00e9l\u00e8bre chef<br \/>\nbritannique <a href=\"https:\/\/www.telestar.fr\/actu-tv\/gordon-ramsay-cette-nouvelle-emission-qu-il-va-presenter-610225\" rel=\"nofollow noopener\" target=\"_blank\"><br \/>\nGordon Ramsay<\/a>, principalement connu pour <strong>son<br \/>\ntemp\u00e9rament sans aucun filtre<\/strong>, l&rsquo;\u00e9mission <a href=\"https:\/\/www.telestar.fr\/actu-tv\/cauchemar-en-cuisine\" rel=\"nofollow noopener\" target=\"_blank\">Cauchemar en<br \/>\ncuisine<\/a> a eu droit \u00e0 sa version fran\u00e7aise. Lanc\u00e9e en 2011 sur<br \/>\nl&rsquo;antenne de <a href=\"https:\/\/www.telestar.fr\/serie_tv\/nouveau-jour-m6-lhotel-bartoli-est-il-reel-1730847\" rel=\"nofollow noopener\" target=\"_blank\"><br \/>\nM6<\/a>, elle a permis au chef fran\u00e7ais <a href=\"https:\/\/www.closermag.fr\/tv_tele_realite\/philippe-etchebest-le-chef-apparait-avec-une-impressionnante-cicatrice-sur-le-crane-interrogations-sur-sa-sante-3469697\" rel=\"nofollow noopener\" target=\"_blank\"><br \/>\nPhilippe Etchebest<\/a> de se r\u00e9v\u00e9ler au grand public.\u00a0Le<br \/>\nprincipe de cette \u00e9mission est simple, des restaurateurs demandent<br \/>\nde l&rsquo;aide au jur\u00e9 de <a href=\"https:\/\/www.telestar.fr\/tele_realite\/top-chef-2025-une-grande-nouveaute-fait-bondir-un-ex-gagnant-il-se-met-la-rate-au-court-bouillon-1709934\" rel=\"nofollow noopener\" target=\"_blank\"><br \/>\nTop Chef<\/a> pour tenter de sauver leurs \u00e9tablissements respectifs<br \/>\nde la faillite.<\/p>\n<p>Gr\u00e2ce \u00e0 son exp\u00e9rience, le chef va rapidement mettre en lumi\u00e8re<br \/>\nles probl\u00e8mes. Sans se priver de <strong>lancer certains coups de<br \/>\npression<\/strong> aux restaurateurs, afin qu&rsquo;ils se ressaisissent.<br \/>\nLa production met \u00e9galement la main \u00e0 la p\u00e2te pour rafraichir les<br \/>\nrestaurants qui en ont le plus besoin. Gr\u00e2ce \u00e0 l&rsquo;intervention de<br \/>\nPhilippe Etchebest et de ses \u00e9quipes. Les restaurateurs en<br \/>\ndifficult\u00e9s peuvent ainsi esp\u00e9rer sortir la t\u00eate de l&rsquo;eau.<\/p>\n<p>Cauchemar en cuisine : M6 va rediffuser un \u00e9pisode datant de<br \/>\n2017<\/p>\n<p>Samedi 2 ao\u00fbt 2025, M6 rediffusera un ancien \u00e9pisode de<br \/>\nCauchemar en cuisine \u00e0 partir de 13h40. \u00ab\u00a0C&rsquo;est \u00e0<br \/>\nMandelieu-la-Napoule, pr\u00e8s de Cannes, que Margaux, la fille a\u00een\u00e9e<br \/>\nde Pascal et Val\u00e9rie, <strong>deux restaurateurs originaires du<br \/>\nnord de la France<\/strong>, a fait appel \u00e0 Philippe<br \/>\nEtchebest\u00a0\u00bb, a notamment indiqu\u00e9 la cha\u00eene dans un<br \/>\ncommuniqu\u00e9.<\/p>\n<p>\u00ab\u00a0Il y a 7 ans, ses parents ont repris un restaurant alsacien<br \/>\nauquel, en bon Ch&#8217;tis qui se respectent, Pascal et Val\u00e9rie, aid\u00e9s<br \/>\nen cuisine par Maxence leur fils de 19 ans, ont apport\u00e9 leur touche<br \/>\npersonnelle en incorporant \u00e0 la carte des plats du Nord. Le chef va<br \/>\ndonc se confronter \u00e0 un restaurant ch&rsquo;ti et alsacien, situ\u00e9 dans le<br \/>\nsud de la France ! <strong>Tout un programme !<\/strong>\u00ab\u00a0, a<br \/>\n\u00e9galement ajout\u00e9 M6.<\/p>\n<p>Le restaurant de Mandelieu-la-Napoule<br \/>\nest toujours ouvert<\/p>\n<p>\u00ab\u00a0Mais cette exp\u00e9rience ne sera pas de tout repos pour le<br \/>\nchef. Car derri\u00e8re la jovialit\u00e9 apparente de Pascal le patron, se<br \/>\ncachent les vrais probl\u00e8mes du restaurant. Une situation financi\u00e8re<br \/>\npr\u00e9occupante au point que les enfants du couple ont d\u00fb s&rsquo;endetter<br \/>\npour aider leurs parents. Philippe Etchebest va donc \u00eatre<br \/>\n<strong>plong\u00e9 au sein d&rsquo;une famille au bord de l&rsquo;explosion<br \/>\n!<\/strong>\u00ab\u00a0, a aussi pr\u00e9cis\u00e9 la cha\u00eene.<\/p>\n<p>\u00ab\u00a0Entre un patron qui prend tout \u00e0 la d\u00e9rision. Et qui aura<br \/>\ntendance \u00e0 agacer Philippe Etchebest. Un fils qui n&rsquo;accepte pas les<br \/>\nreproches et lui tient t\u00eate. Et une m\u00e8re de famille qui trouve des<br \/>\nexcuses \u00e0 tout le monde. <strong>Le chef va devoir hausser le<br \/>\nton<\/strong> pour tenter de venir en aide \u00e0 ce restaurant en<br \/>\nd\u00e9tresse\u2026\u00a0\u00bb, a finalement conclu M6. Depuis la premi\u00e8re<br \/>\ndiffusion de cet \u00e9pisode le mercredi 13 septembre 2017 sur M6. Le<br \/>\nrestaurant situ\u00e9 \u00e0 Mandelieu-la-Napoule est encore ouvert.<\/p>\n","protected":false},"excerpt":{"rendered":"EN BREF L\u00a0\u00bb\u00e9mission &lsquo;Cauchemar en cuisine&rsquo;, popularis\u00e9e par Gordon Ramsay, a \u00e9t\u00e9 adapt\u00e9e en France en 2011 sur&hellip;\n","protected":false},"author":2,"featured_media":292425,"comment_status":"","ping_status":"","sticky":false,"template":"","format":"standard","meta":{"footnotes":""},"categories":[1356],"tags":[548,58,59,1011,27,494,252,1364],"class_list":{"0":"post-292424","1":"post","2":"type-post","3":"status-publish","4":"format-standard","5":"has-post-thumbnail","7":"category-television","8":"tag-article-simple","9":"tag-divertissement","10":"tag-entertainment","11":"tag-fr","12":"tag-france","13":"tag-m6","14":"tag-television","15":"tag-tv"},"share_on_mastodon":{"url":"https:\/\/pubeurope.com\/@fr\/114961833622437870","error":""},"_links":{"self":[{"href":"https:\/\/www.europesays.com\/fr\/wp-json\/wp\/v2\/posts\/292424","targetHints":{"allow":["GET"]}}],"collection":[{"href":"https:\/\/www.europesays.com\/fr\/wp-json\/wp\/v2\/posts"}],"about":[{"href":"https:\/\/www.europesays.com\/fr\/wp-json\/wp\/v2\/types\/post"}],"author":[{"embeddable":true,"href":"https:\/\/www.europesays.com\/fr\/wp-json\/wp\/v2\/users\/2"}],"replies":[{"embeddable":true,"href":"https:\/\/www.europesays.com\/fr\/wp-json\/wp\/v2\/comments?post=292424"}],"version-history":[{"count":0,"href":"https:\/\/www.europesays.com\/fr\/wp-json\/wp\/v2\/posts\/292424\/revisions"}],"wp:featuredmedia":[{"embeddable":true,"href":"https:\/\/www.europesays.com\/fr\/wp-json\/wp\/v2\/media\/292425"}],"wp:attachment":[{"href":"https:\/\/www.europesays.com\/fr\/wp-json\/wp\/v2\/media?parent=292424"}],"wp:term":[{"taxonomy":"category","embeddable":true,"href":"https:\/\/www.europesays.com\/fr\/wp-json\/wp\/v2\/categories?post=292424"},{"taxonomy":"post_tag","embeddable":true,"href":"https:\/\/www.europesays.com\/fr\/wp-json\/wp\/v2\/tags?post=292424"}],"curies":[{"name":"wp","href":"https:\/\/api.w.org\/{rel}","templated":true}]}}