{"id":292426,"date":"2025-08-02T23:45:15","date_gmt":"2025-08-02T23:45:15","guid":{"rendered":"https:\/\/www.europesays.com\/fr\/292426\/"},"modified":"2025-08-02T23:45:15","modified_gmt":"2025-08-02T23:45:15","slug":"lalbum-dont-sell-your-soul-sortira-en-octobre","status":"publish","type":"post","link":"https:\/\/www.europesays.com\/fr\/292426\/","title":{"rendered":"l\u2019album Don&rsquo;t Sell Your Soul sortira en octobre"},"content":{"rendered":"<p><strong>Le Michael Schenker Group annonce un nouvel album intitul\u00e9 Don\u2019t Sell Your Soul, dont le morceau-titre, d\u00e9voil\u00e9 en avant-premi\u00e8re au Wacken, est d\u00e9j\u00e0 disponible en ligne.<\/strong><\/p>\n<p>Un nouvel album r\u00e9v\u00e9l\u00e9 en pleine performance au Wacken<\/p>\n<p>Michael Schenker a surpris les milliers de spectateurs pr\u00e9sents au <a href=\"https:\/\/www.metalzone.fr\/wacken-open-air\/\" rel=\"nofollow noopener\" target=\"_blank\">Wacken Open Air<\/a> en annon\u00e7ant la sortie d\u2019un nouvel album studio, Don\u2019t Sell Your Soul, pr\u00e9vue pour le 3 octobre via earMUSIC. Cette r\u00e9v\u00e9lation s\u2019est accompagn\u00e9e d\u2019une premi\u00e8re mondiale : l\u2019interpr\u00e9tation en live du morceau-titre en cl\u00f4ture de son concert, qui revisitait son \u00e9poque <a href=\"https:\/\/www.metalzone.fr\/ufo\/\" rel=\"nofollow noopener\" target=\"_blank\">UFO<\/a>. Une surprise salu\u00e9e par le public de l\u2019un des plus grands festivals de <a href=\"https:\/\/www.metalzone.fr\/heavy-metal\/\" rel=\"nofollow noopener\" target=\"_blank\">metal<\/a> au monde.<\/p>\n<p>Le m\u00eame concert avait d\u00e9j\u00e0 offert un moment marquant plus t\u00f4t dans la soir\u00e9e, lorsque <a href=\"https:\/\/www.metalzone.fr\/slash-featuring-myles-kennedy-and-the-conspirators\/\" rel=\"nofollow noopener\" target=\"_blank\">Slash<\/a>, guitariste de <a href=\"https:\/\/www.metalzone.fr\/guns-n-roses\/\" rel=\"nofollow noopener\" target=\"_blank\">Guns N\u2019 Roses<\/a>, est mont\u00e9 sur sc\u00e8ne pour interpr\u00e9ter Mother Mary aux c\u00f4t\u00e9s de Schenker. Des retrouvailles inattendues entre deux l\u00e9gendes de la guitare.<\/p>\n<p>Une suite directe \u00e0 My Years With UFO<\/p>\n<p>Don\u2019t Sell Your Soul marque le deuxi\u00e8me volet d\u2019une trilogie initi\u00e9e avec My Years With UFO en 2024. Coproduit par Schenker et Michael Voss, l\u2019album rassemble une \u00e9quipe famili\u00e8re : Bodo Schopf \u00e0 la batterie, Barend Courbois \u00e0 la basse, Steve Mann \u00e0 la guitare et aux claviers, ainsi qu\u2019Erik Gr\u00f6nwall au chant \u2014 d\u00e9j\u00e0 pr\u00e9sent sur la tourn\u00e9e actuelle du groupe.<\/p>\n<p>Des invit\u00e9s tels que Robin McAuley, Roberto Dimitri \u201cLia\u201d Liapakis et Michael Voss apparaissent \u00e9galement au chant. Schenker, toujours aussi prolifique, continue ainsi de faire vivre sa vision du <a href=\"https:\/\/www.metalzone.fr\/hard-rock\/\" rel=\"nofollow noopener\" target=\"_blank\">hard rock<\/a>, entam\u00e9e il y a plus de quarante ans avec la fondation de MSG.<\/p>\n<p>Tracklist de l\u2019album<\/p>\n<ol>\n<li>Don\u2019t Sell Your Soul<\/li>\n<li>Danger Zone<\/li>\n<li>Eye Of The Strom<\/li>\n<li>Janey The Fox<\/li>\n<li>I Can\u2019t Stand Waiting<\/li>\n<li>Sign Of The Times<\/li>\n<li>The Chosen<\/li>\n<li>It\u2019s You<\/li>\n<li>Sixstring Shotgun<\/li>\n<li>Flesh And Bone<\/li>\n<li>Surrender<\/li>\n<\/ol>\n","protected":false},"excerpt":{"rendered":"Le Michael Schenker Group annonce un nouvel album intitul\u00e9 Don\u2019t Sell Your Soul, dont le morceau-titre, d\u00e9voil\u00e9 en&hellip;\n","protected":false},"author":2,"featured_media":292427,"comment_status":"","ping_status":"","sticky":false,"template":"","format":"standard","meta":{"footnotes":""},"categories":[1355],"tags":[58,59,1011,27,1361,873],"class_list":{"0":"post-292426","1":"post","2":"type-post","3":"status-publish","4":"format-standard","5":"has-post-thumbnail","7":"category-musique","8":"tag-divertissement","9":"tag-entertainment","10":"tag-fr","11":"tag-france","12":"tag-music","13":"tag-musique"},"share_on_mastodon":{"url":"https:\/\/pubeurope.com\/@fr\/114961837165431953","error":""},"_links":{"self":[{"href":"https:\/\/www.europesays.com\/fr\/wp-json\/wp\/v2\/posts\/292426","targetHints":{"allow":["GET"]}}],"collection":[{"href":"https:\/\/www.europesays.com\/fr\/wp-json\/wp\/v2\/posts"}],"about":[{"href":"https:\/\/www.europesays.com\/fr\/wp-json\/wp\/v2\/types\/post"}],"author":[{"embeddable":true,"href":"https:\/\/www.europesays.com\/fr\/wp-json\/wp\/v2\/users\/2"}],"replies":[{"embeddable":true,"href":"https:\/\/www.europesays.com\/fr\/wp-json\/wp\/v2\/comments?post=292426"}],"version-history":[{"count":0,"href":"https:\/\/www.europesays.com\/fr\/wp-json\/wp\/v2\/posts\/292426\/revisions"}],"wp:featuredmedia":[{"embeddable":true,"href":"https:\/\/www.europesays.com\/fr\/wp-json\/wp\/v2\/media\/292427"}],"wp:attachment":[{"href":"https:\/\/www.europesays.com\/fr\/wp-json\/wp\/v2\/media?parent=292426"}],"wp:term":[{"taxonomy":"category","embeddable":true,"href":"https:\/\/www.europesays.com\/fr\/wp-json\/wp\/v2\/categories?post=292426"},{"taxonomy":"post_tag","embeddable":true,"href":"https:\/\/www.europesays.com\/fr\/wp-json\/wp\/v2\/tags?post=292426"}],"curies":[{"name":"wp","href":"https:\/\/api.w.org\/{rel}","templated":true}]}}