{"id":292430,"date":"2025-08-02T23:47:09","date_gmt":"2025-08-02T23:47:09","guid":{"rendered":"https:\/\/www.europesays.com\/fr\/292430\/"},"modified":"2025-08-02T23:47:09","modified_gmt":"2025-08-02T23:47:09","slug":"cancer-de-la-prostate-de-nouvelles-options-therapeutiques-existent","status":"publish","type":"post","link":"https:\/\/www.europesays.com\/fr\/292430\/","title":{"rendered":"Cancer de la prostate : de nouvelles options th\u00e9rapeutiques existent"},"content":{"rendered":"<p>Avec pr\u00e8s de 60\u00a0000 nouveaux cas chaque ann\u00e9e en France, le <a href=\"https:\/\/www.fondation-arc.org\/cancer\/cancer-prostate\/symptomes-diagnostic-cancer\" target=\"_blank\" rel=\"nofollow noopener\">cancer de la prostate <\/a>est le cancer le plus fr\u00e9quent chez l\u2019homme et la 3\u00e8me cause de d\u00e9c\u00e8s par cancer chez les hommes avec 9\u00a0228 d\u00e9c\u00e8s en 2022. Dans la majorit\u00e9 des cas, il \u00e9volue lentement et peut \u00eatre pris en charge efficacement. Mais chez certains patients, la maladie devient agressive, se propage \u00e0 d\u2019autres parties du corps \u2014 on parle alors de cancer de la prostate m\u00e9tastatique \u2014 et finit par r\u00e9sister aux traitements classiques comme l\u2019hormonoth\u00e9rapie, la chimioth\u00e9rapie ou la radioth\u00e9rapie externe.<\/p>\n<p>    La r\u00e9daction vous conseille<\/p>\n<p>Des alternatives apr\u00e8s les traitements standards<\/p>\n<p>Quand la maladie \u00e9volue malgr\u00e9 les traitements de premi\u00e8re intention, il existe encore des solutions. Des th\u00e9rapies cibl\u00e9es, notamment\u00a0: certaines mutations g\u00e9n\u00e9tiques sp\u00e9cifiques peuvent orienter vers des traitements personnalis\u00e9s. Une innovation majeure dans le domaine de la m\u00e9decine nucl\u00e9aire th\u00e9rapeutique, la radioth\u00e9rapie interne vectoris\u00e9e, une nouvelle approche qui permet de traiter les m\u00e9tastases plus pr\u00e9cis\u00e9ment, tout en limitant les effets secondaires.<\/p>\n<p>Ces traitements de derni\u00e8re g\u00e9n\u00e9ration utilisent une mol\u00e9cule radiomarqu\u00e9e capable de reconna\u00eetre et de se fixer sur les cellules canc\u00e9reuses de la prostate. Ces m\u00e9dicaments radiopharmaceutiques sont administr\u00e9s par voie intraveineuse\u00a0: une fois dans l\u2019organisme, le produit va directement cibler les cellules tumorales, en \u00e9pargnant autant que possible les tissus sains.<\/p>\n<p>    La r\u00e9daction vous conseille<\/p>\n<p>Cette approche est r\u00e9serv\u00e9e aux hommes atteints d\u2019un cancer de la prostate r\u00e9sistant \u00e0 la castration m\u00e9tastatique, en progression apr\u00e8s une chimioth\u00e9rapie et une hormonoth\u00e9rapie de seconde g\u00e9n\u00e9ration.<\/p>\n<p>Quels b\u00e9n\u00e9fices\u00a0?<\/p>\n<p>Les \u00e9tudes cliniques ont montr\u00e9 une r\u00e9duction de la progression de la maladie, une am\u00e9lioration des sympt\u00f4mes, et dans certains cas, un allongement de la vie. Ce traitement peut aussi permettre un meilleur confort de vie au quotidien.<\/p>\n<p>Il est g\u00e9n\u00e9ralement administr\u00e9 en ambulatoire, par cycles espac\u00e9s de plusieurs semaines. Ces \u00ab\u00a0temps de pause\u00a0\u00bb permettent aux patients de r\u00e9cup\u00e9rer entre chaque injection, et de poursuivre certaines de leurs activit\u00e9s.<\/p>\n<p>La radioth\u00e9rapie interne vectoris\u00e9e est d\u00e9sormais disponible dans un nombre croissant d\u2019\u00e9tablissements de sant\u00e9, au sein de services sp\u00e9cialis\u00e9s en m\u00e9decine nucl\u00e9aire.<\/p>\n<p>Un message d\u2019espoir<\/p>\n<p>Le cancer de la prostate m\u00e9tastatique reste un combat difficile, mais il n\u2019est plus synonyme de r\u00e9signation. Gr\u00e2ce aux progr\u00e8s de la recherche, il est d\u00e9sormais possible de prolonger la vie et d\u2019en pr\u00e9server la qualit\u00e9, m\u00eame lorsque la maladie progresse. \u00ab\u00a0Il ne faut pas h\u00e9siter \u00e0 parler avec son oncologue de toutes ces options\u00a0\u00bb, explique le Pr Nadine Houede, Oncologue et Directrice du <a href=\"https:\/\/kgso.fr\/\" target=\"_blank\" rel=\"nofollow noopener\">canc\u00e9rop\u00f4le Grand Sud-Ouest<\/a>. \u00ab\u00a0La radioth\u00e9rapie interne vectoris\u00e9e offre aujourd\u2019hui de nouvelles possibilit\u00e9s, avec une bonne qualit\u00e9 de vie pour les patients qui y sont \u00e9ligibles.\u00a0\u00bb<\/p>\n","protected":false},"excerpt":{"rendered":"Avec pr\u00e8s de 60\u00a0000 nouveaux cas chaque ann\u00e9e en France, le cancer de la prostate est le cancer&hellip;\n","protected":false},"author":2,"featured_media":292431,"comment_status":"","ping_status":"","sticky":false,"template":"","format":"standard","meta":{"footnotes":""},"categories":[10],"tags":[1011,27,72,71],"class_list":{"0":"post-292430","1":"post","2":"type-post","3":"status-publish","4":"format-standard","5":"has-post-thumbnail","7":"category-sante","8":"tag-fr","9":"tag-france","10":"tag-health","11":"tag-sante"},"share_on_mastodon":{"url":"https:\/\/pubeurope.com\/@fr\/114961845176409143","error":""},"_links":{"self":[{"href":"https:\/\/www.europesays.com\/fr\/wp-json\/wp\/v2\/posts\/292430","targetHints":{"allow":["GET"]}}],"collection":[{"href":"https:\/\/www.europesays.com\/fr\/wp-json\/wp\/v2\/posts"}],"about":[{"href":"https:\/\/www.europesays.com\/fr\/wp-json\/wp\/v2\/types\/post"}],"author":[{"embeddable":true,"href":"https:\/\/www.europesays.com\/fr\/wp-json\/wp\/v2\/users\/2"}],"replies":[{"embeddable":true,"href":"https:\/\/www.europesays.com\/fr\/wp-json\/wp\/v2\/comments?post=292430"}],"version-history":[{"count":0,"href":"https:\/\/www.europesays.com\/fr\/wp-json\/wp\/v2\/posts\/292430\/revisions"}],"wp:featuredmedia":[{"embeddable":true,"href":"https:\/\/www.europesays.com\/fr\/wp-json\/wp\/v2\/media\/292431"}],"wp:attachment":[{"href":"https:\/\/www.europesays.com\/fr\/wp-json\/wp\/v2\/media?parent=292430"}],"wp:term":[{"taxonomy":"category","embeddable":true,"href":"https:\/\/www.europesays.com\/fr\/wp-json\/wp\/v2\/categories?post=292430"},{"taxonomy":"post_tag","embeddable":true,"href":"https:\/\/www.europesays.com\/fr\/wp-json\/wp\/v2\/tags?post=292430"}],"curies":[{"name":"wp","href":"https:\/\/api.w.org\/{rel}","templated":true}]}}