{"id":292432,"date":"2025-08-02T23:48:11","date_gmt":"2025-08-02T23:48:11","guid":{"rendered":"https:\/\/www.europesays.com\/fr\/292432\/"},"modified":"2025-08-02T23:48:11","modified_gmt":"2025-08-02T23:48:11","slug":"sur-quelle-chaine-et-a-quelle-heure-voir-le-400-m-4-nages-et-le-relais-4x100-m-4-nages","status":"publish","type":"post","link":"https:\/\/www.europesays.com\/fr\/292432\/","title":{"rendered":"Sur quelle cha\u00eene et \u00e0 quelle heure voir le 400 m 4 nages et le relais 4&#215;100 m 4 nages\u00a0?"},"content":{"rendered":"<p>D\u00e9j\u00e0 vainqueur du 200 m 4 nages aux Championnats du monde de natation jeudi, <a href=\"https:\/\/www.20minutes.fr\/sport\/leon-marchand\/\" class=\"color-ultramarine c-link\" target=\"_blank\" rel=\"noopener\">L\u00e9on Marchand<\/a> va tenter la passe de trois dimanche. Tout d\u2019abord en individuel, sur le 400, 4 nages, avant d\u2019aider le relais du 4&#215;200 m une demi-heure plus tard. Compliqu\u00e9 mais \u00e0 sa port\u00e9e au vu de son potentiel hors norme.<\/p>\n<p class=\"mb-xxl@xs color-ultramarine font-weight-semi-bold@xs font-source-serif-pro heading-s@xs\">L\u2019acc\u00e8s \u00e0 ce contenu a \u00e9t\u00e9 bloqu\u00e9 afin de respecter votre choix de consentement<\/p>\n<p class=\"mb-m@xs text-l@xs\">En cliquant sur\u00ab J\u2019accepte \u00bb, vous acceptez le d\u00e9p\u00f4t de cookies par des services externes et aurez ainsi acc\u00e8s aux contenus de nos partenaires.<\/p>\n<p class=\"mb-xl@xs text-s@xs\">Plus d\u2019informations sur la page<a href=\"https:\/\/www.20minutes.fr\/gestion-cookies\" class=\"mx-xxs@xs color-ultramarine\" target=\"_blank\" rel=\"noopener\">Politique de gestion des cookies<\/a><\/p>\n<p>J\u2019accepte\u00c0 quelle heure et sur quelle cha\u00eene voir les courses de L\u00e9on Marchand sur le 400m 4 nages et le 4&#215;200 m<\/p>\n<p>La s\u00e9rie du 400m 4 nages se d\u00e9roulera \u00e0 4h21 et la finale \u00e0 13h59. En ce qui concerne le relais 4x100m 4 nages (en cas de qualification en s\u00e9ries, \u00e0 5h02), il est pr\u00e9vu pour 14h33, soit 34 minutes apr\u00e8s la derni\u00e8re finale individuelle de L\u00e9on Marchand. Toutes les courses seront diffus\u00e9es sur <a href=\"https:\/\/www.20minutes.fr\/television\/france3\/\" class=\"color-ultramarine c-link\" target=\"_blank\" rel=\"noopener\">France 3<\/a>.<\/p>\n<p>Favori sur le 400m 4 nages<\/p>\n<p>Recordman du monde, L\u00e9on Marchand devrait \u00e9videmment se qualifier pour la finale. Reste \u00e0 savoir s\u2019il pourra doser ses efforts en vue de ses deux finales de l\u2019apr\u00e8s-midi.<\/p>\n<p>Jeudi apr\u00e8s sa m\u00e9daille d\u2019or en 4&#215;100 m\u00e8tres, il a confirm\u00e9 son envie de disputer la finale du relais 4&#215;100 m\u00e8tres 4 nages.<\/p>\n<p>Outsiders en relais (si qualifi\u00e9s en finale)<\/p>\n<p>La journ\u00e9e du Fran\u00e7ais s\u2019annonce charg\u00e9e car il aura \u00e0 peine le temps de sortir de l\u2019eau apr\u00e8s sa finale qu\u2019il rejoindra l\u2019\u00c9quipe de France pour le relais 4x100m 4 nages. Mais le quadruple <a href=\"https:\/\/www.20minutes.fr\/sport\/jo_2024\/\" class=\"color-ultramarine c-link\" target=\"_blank\" rel=\"noopener\">champion olympique \u00e0 Paris<\/a> en a vu d\u2019autres.<\/p>\n","protected":false},"excerpt":{"rendered":"D\u00e9j\u00e0 vainqueur du 200 m 4 nages aux Championnats du monde de natation jeudi, L\u00e9on Marchand va tenter&hellip;\n","protected":false},"author":2,"featured_media":292433,"comment_status":"","ping_status":"","sticky":false,"template":"","format":"standard","meta":{"footnotes":""},"categories":[9],"tags":[42212,1011,27,13283,5216,3512,517,60],"class_list":{"0":"post-292432","1":"post","2":"type-post","3":"status-publish","4":"format-standard","5":"has-post-thumbnail","7":"category-sports","8":"tag-championnats-du-monde-de-natation","9":"tag-fr","10":"tag-france","11":"tag-leon-marchand","12":"tag-natation","13":"tag-singapour","14":"tag-sport","15":"tag-sports"},"share_on_mastodon":{"url":"https:\/\/pubeurope.com\/@fr\/114961849017657441","error":""},"_links":{"self":[{"href":"https:\/\/www.europesays.com\/fr\/wp-json\/wp\/v2\/posts\/292432","targetHints":{"allow":["GET"]}}],"collection":[{"href":"https:\/\/www.europesays.com\/fr\/wp-json\/wp\/v2\/posts"}],"about":[{"href":"https:\/\/www.europesays.com\/fr\/wp-json\/wp\/v2\/types\/post"}],"author":[{"embeddable":true,"href":"https:\/\/www.europesays.com\/fr\/wp-json\/wp\/v2\/users\/2"}],"replies":[{"embeddable":true,"href":"https:\/\/www.europesays.com\/fr\/wp-json\/wp\/v2\/comments?post=292432"}],"version-history":[{"count":0,"href":"https:\/\/www.europesays.com\/fr\/wp-json\/wp\/v2\/posts\/292432\/revisions"}],"wp:featuredmedia":[{"embeddable":true,"href":"https:\/\/www.europesays.com\/fr\/wp-json\/wp\/v2\/media\/292433"}],"wp:attachment":[{"href":"https:\/\/www.europesays.com\/fr\/wp-json\/wp\/v2\/media?parent=292432"}],"wp:term":[{"taxonomy":"category","embeddable":true,"href":"https:\/\/www.europesays.com\/fr\/wp-json\/wp\/v2\/categories?post=292432"},{"taxonomy":"post_tag","embeddable":true,"href":"https:\/\/www.europesays.com\/fr\/wp-json\/wp\/v2\/tags?post=292432"}],"curies":[{"name":"wp","href":"https:\/\/api.w.org\/{rel}","templated":true}]}}