{"id":292434,"date":"2025-08-02T23:49:12","date_gmt":"2025-08-02T23:49:12","guid":{"rendered":"https:\/\/www.europesays.com\/fr\/292434\/"},"modified":"2025-08-02T23:49:12","modified_gmt":"2025-08-02T23:49:12","slug":"will-smith-il-met-le-feu-au-theatre-antique-dorange","status":"publish","type":"post","link":"https:\/\/www.europesays.com\/fr\/292434\/","title":{"rendered":"Will Smith : il met le feu au th\u00e9\u00e2tre antique d\u2019Orange"},"content":{"rendered":"<p>Will Smith sur sc\u00e8ne, en pleine tourn\u00e9e musicale, dans un th\u00e9\u00e2tre antique <a href=\"https:\/\/whc.unesco.org\/fr\/list\/\" target=\"_blank\" rel=\"noopener\">class\u00e9 \u00e0 l\u2019UNESCO<\/a> ? Oui, <strong>cette phrase ressemble \u00e0 un r\u00eave un peu flou<\/strong>, et pourtant : c\u2019est exactement ce qu\u2019ont v\u00e9cu les spectateurs du th\u00e9\u00e2tre antique d\u2019Orange.<\/p>\n<p>Pour sa deuxi\u00e8me date europ\u00e9enne, l\u2019ex-Prince de Bel-Air a choisi ce d\u00e9cor unique pour un show ultra-calibr\u00e9. R\u00e9sultat : <strong>un public en feu, des beats puissants, des messages forts<\/strong>\u2026 et un <a href=\"https:\/\/www.public.fr\/selena-gomez-comment-reproduire-son-joli-maquillage-lumineux-des-oscars-2025\" target=\"_blank\" rel=\"noopener\">Oscar<\/a> brandi \u00e0 bout de bras. Rien que \u00e7a.<\/p>\n<p>Car Will Smith ne fait rien \u00e0 moiti\u00e9. Accompagn\u00e9 de son acolyte de toujours, <a href=\"https:\/\/en.wikipedia.org\/wiki\/DJ_Jazzy_Jeff\" target=\"_blank\" rel=\"noopener\">DJ Jazzy Jeff<\/a>, il a offert bien plus qu\u2019un concert. <strong>Tenue futuriste, tubes cultes revisit\u00e9s, confessions personnelles et clin d\u2019\u0153il \u00e0 sa travers\u00e9e m\u00e9diatique\u2026 L\u2019acteur-rappeur a montr\u00e9 qu\u2019il n\u2019avait rien perdu<\/strong> de son charisme, et qu\u2019il comptait bien \u00e9crire un nouveau chapitre. Retour sur une soir\u00e9e aussi impressionnante qu\u2019inattendue.<\/p>\n<p>Un show calibr\u00e9 entre confidences, humour et \u00e9motion<\/p>\n<p>Le show \u00e9tait millim\u00e9tr\u00e9, mais jamais fig\u00e9. Will Smith, fid\u00e8le \u00e0 sa r\u00e9putation,<strong> a encha\u00een\u00e9 les tubes comme Gettin\u2019 Jiggy Wit It ou Miami, tout en s\u2019autorisant quelques moments d\u2019impro<\/strong>. Et c\u2019est l\u00e0 que le charme op\u00e8re : entre deux refrains,<strong> il \u00e9voque sa carri\u00e8re, ses hauts, ses bas<\/strong>, sans jamais plomber l\u2019ambiance. Le th\u00e9\u00e2tre, lui, vibrait au rythme d\u2019un public debout d\u00e8s les premi\u00e8res minutes.<\/p>\n<p>Le moment fort ? Sans doute celui o\u00f9 il exhibe fi\u00e8rement sa statuette dor\u00e9e, remport\u00e9e pour La M\u00e9thode Williams. Un<strong> geste symbolique, qui a d\u00e9clench\u00e9 une salve d\u2019applaudissements<\/strong>. Ce n\u2019est pas tous les jours qu\u2019on voit un Oscar brandi dans une <a href=\"https:\/\/theatre-antique.com\/\" target=\"_blank\" rel=\"noopener\">ar\u00e8ne vieille de 2000 ans<\/a>. Will Smith l\u2019a bien compris, et en joue avec un m\u00e9lange d\u2019humilit\u00e9 et de panache. M\u00eame ceux venus juste \u00ab\u00a0par curiosit\u00e9\u00a0\u00bb sont repartis bluff\u00e9s.<\/p>\n<p>Le th\u00e9\u00e2tre antique d\u2019Orange, nouveau terrain de jeu pour les concerts stars ?<\/p>\n<p>Ce concert donne aussi un petit coup de projecteur sur Orange, cette ville qui mise de plus en plus sur une programmation musicale ambitieuse. Transformer un <strong>th\u00e9\u00e2tre antique en sc\u00e8ne pour des artistes internationaux, il fallait oser<\/strong>. Et clairement, \u00e7a fonctionne. L\u2019acoustique naturelle, les gradins en pierre, la proximit\u00e9 avec les artistes : tout contribue \u00e0 cr\u00e9er une exp\u00e9rience \u00e0 part.<\/p>\n<p>Ce choix de lieu n\u2019est pas anodin. Will Smith ne fait rien au hasard. C\u2019est un showman, mais aussi un strat\u00e8ge. Revenir en Europe, en <strong>petit comit\u00e9 (3 000 places seulement), dans un cadre aussi charg\u00e9 d\u2019histoire, c\u2019est marquer les esprits<\/strong>. Et si l\u2019on en croit les vid\u00e9os et les stories post\u00e9es dans la foul\u00e9e, le pari est plus que r\u00e9ussi. Ce soir-l\u00e0, Orange avait un go\u00fbt de <a href=\"https:\/\/www.public.fr\/kevin-miranda-meconnaissable-lex-vedette-de-hollywood-girls-ne-mange-plus-depuis-20-jours\" target=\"_blank\" rel=\"noopener\">Hollywood<\/a>.<\/p>\n<p>Alors bien s\u00fbr, il y a eu les tubes, les lumi\u00e8res, les cris. Mais il y a surtout eu un artiste qui <strong>ose r\u00e9appara\u00eetre, en assumant ses erreurs, en jouant avec son image<\/strong> et en prouvant qu\u2019il sait encore embarquer une foule.<\/p>\n<p>Will Smith, ce soir-l\u00e0, n\u2019\u00e9tait pas juste une star. Il \u00e9tait un homme sur sc\u00e8ne, port\u00e9 par son public, dans un lieu qui magnifie les retours en gr\u00e2ce.<\/p>\n<p>      Mentionn\u00e9s dans cet article<\/p>\n<p>      Sur le m\u00eame sujet<\/p>\n","protected":false},"excerpt":{"rendered":"Will Smith sur sc\u00e8ne, en pleine tourn\u00e9e musicale, dans un th\u00e9\u00e2tre antique class\u00e9 \u00e0 l\u2019UNESCO ? Oui, cette&hellip;\n","protected":false},"author":2,"featured_media":292435,"comment_status":"","ping_status":"","sticky":false,"template":"","format":"standard","meta":{"footnotes":""},"categories":[8],"tags":[1697,58,59,1011,27,1347,33623],"class_list":{"0":"post-292434","1":"post","2":"type-post","3":"status-publish","4":"format-standard","5":"has-post-thumbnail","7":"category-divertissement","8":"tag-concert","9":"tag-divertissement","10":"tag-entertainment","11":"tag-fr","12":"tag-france","13":"tag-theatre","14":"tag-will-smith"},"share_on_mastodon":{"url":"https:\/\/pubeurope.com\/@fr\/114961852875123175","error":""},"_links":{"self":[{"href":"https:\/\/www.europesays.com\/fr\/wp-json\/wp\/v2\/posts\/292434","targetHints":{"allow":["GET"]}}],"collection":[{"href":"https:\/\/www.europesays.com\/fr\/wp-json\/wp\/v2\/posts"}],"about":[{"href":"https:\/\/www.europesays.com\/fr\/wp-json\/wp\/v2\/types\/post"}],"author":[{"embeddable":true,"href":"https:\/\/www.europesays.com\/fr\/wp-json\/wp\/v2\/users\/2"}],"replies":[{"embeddable":true,"href":"https:\/\/www.europesays.com\/fr\/wp-json\/wp\/v2\/comments?post=292434"}],"version-history":[{"count":0,"href":"https:\/\/www.europesays.com\/fr\/wp-json\/wp\/v2\/posts\/292434\/revisions"}],"wp:featuredmedia":[{"embeddable":true,"href":"https:\/\/www.europesays.com\/fr\/wp-json\/wp\/v2\/media\/292435"}],"wp:attachment":[{"href":"https:\/\/www.europesays.com\/fr\/wp-json\/wp\/v2\/media?parent=292434"}],"wp:term":[{"taxonomy":"category","embeddable":true,"href":"https:\/\/www.europesays.com\/fr\/wp-json\/wp\/v2\/categories?post=292434"},{"taxonomy":"post_tag","embeddable":true,"href":"https:\/\/www.europesays.com\/fr\/wp-json\/wp\/v2\/tags?post=292434"}],"curies":[{"name":"wp","href":"https:\/\/api.w.org\/{rel}","templated":true}]}}