{"id":292438,"date":"2025-08-02T23:51:12","date_gmt":"2025-08-02T23:51:12","guid":{"rendered":"https:\/\/www.europesays.com\/fr\/292438\/"},"modified":"2025-08-02T23:51:12","modified_gmt":"2025-08-02T23:51:12","slug":"a-lorient-lelectricite-coupee-dans-une-partie-du-centre-ville","status":"publish","type":"post","link":"https:\/\/www.europesays.com\/fr\/292438\/","title":{"rendered":"\u00c0 Lorient, l\u2019\u00e9lectricit\u00e9 coup\u00e9e dans une partie du centre-ville"},"content":{"rendered":"<p>Mauvaise nouvelle pour les commerces en ce deuxi\u00e8me jour de <a href=\"https:\/\/www.letelegramme.fr\/morbihan\/lorient-56100\/ou-se-situent-les-stands-du-telegramme-sur-le-festival-interceltique-de-lorient-6865810.php\" target=\"_blank\" rel=\"noopener\">Festival Interceltique<\/a>. Une coupure de courant a eu lieu \u00e0 partir de 15\u00a0h, dans le centre-ville de Lorient, ce samedi 2 ao\u00fbt 2025. Elle concernait la rue Vauban, la rue de l\u2019Assembl\u00e9e nationale et la place Alsace-Lorraine. Samedi soir, vers 22 h, <a href=\"https:\/\/www.enedis.fr\/resultat-panne-interruption?adresse=Lorient&amp;insee=56121&amp;long=-3.378425&amp;lat=47.750687&amp;type=municipality&amp;CPVille=Lorient+56100&amp;street=&amp;name=Lorient&amp;departement=56&amp;district=&amp;city=Lorient\" target=\"_blank\" rel=\"noopener\">Enedis<\/a>, sur son site des incidents toujours en cours.<\/p>\n","protected":false},"excerpt":{"rendered":"Mauvaise nouvelle pour les commerces en ce deuxi\u00e8me jour de Festival Interceltique. Une coupure de courant a eu&hellip;\n","protected":false},"author":2,"featured_media":292439,"comment_status":"","ping_status":"","sticky":false,"template":"","format":"standard","meta":{"footnotes":""},"categories":[6],"tags":[35,33,34,1011,27,1781],"class_list":{"0":"post-292438","1":"post","2":"type-post","3":"status-publish","4":"format-standard","5":"has-post-thumbnail","7":"category-economie","8":"tag-business","9":"tag-economie","10":"tag-economy","11":"tag-fr","12":"tag-france","13":"tag-lorient"},"share_on_mastodon":{"url":"https:\/\/pubeurope.com\/@fr\/114961861040164478","error":""},"_links":{"self":[{"href":"https:\/\/www.europesays.com\/fr\/wp-json\/wp\/v2\/posts\/292438","targetHints":{"allow":["GET"]}}],"collection":[{"href":"https:\/\/www.europesays.com\/fr\/wp-json\/wp\/v2\/posts"}],"about":[{"href":"https:\/\/www.europesays.com\/fr\/wp-json\/wp\/v2\/types\/post"}],"author":[{"embeddable":true,"href":"https:\/\/www.europesays.com\/fr\/wp-json\/wp\/v2\/users\/2"}],"replies":[{"embeddable":true,"href":"https:\/\/www.europesays.com\/fr\/wp-json\/wp\/v2\/comments?post=292438"}],"version-history":[{"count":0,"href":"https:\/\/www.europesays.com\/fr\/wp-json\/wp\/v2\/posts\/292438\/revisions"}],"wp:featuredmedia":[{"embeddable":true,"href":"https:\/\/www.europesays.com\/fr\/wp-json\/wp\/v2\/media\/292439"}],"wp:attachment":[{"href":"https:\/\/www.europesays.com\/fr\/wp-json\/wp\/v2\/media?parent=292438"}],"wp:term":[{"taxonomy":"category","embeddable":true,"href":"https:\/\/www.europesays.com\/fr\/wp-json\/wp\/v2\/categories?post=292438"},{"taxonomy":"post_tag","embeddable":true,"href":"https:\/\/www.europesays.com\/fr\/wp-json\/wp\/v2\/tags?post=292438"}],"curies":[{"name":"wp","href":"https:\/\/api.w.org\/{rel}","templated":true}]}}