{"id":292440,"date":"2025-08-02T23:52:14","date_gmt":"2025-08-02T23:52:14","guid":{"rendered":"https:\/\/www.europesays.com\/fr\/292440\/"},"modified":"2025-08-02T23:52:14","modified_gmt":"2025-08-02T23:52:14","slug":"donald-trump-mene-une-attaque-sans-precedent-contre-les-universites-denoncent-des-experts","status":"publish","type":"post","link":"https:\/\/www.europesays.com\/fr\/292440\/","title":{"rendered":"Donald Trump m\u00e8ne une \u00ab\u00a0attaque sans pr\u00e9c\u00e9dent\u00a0\u00bb contre les universit\u00e9s, d\u00e9noncent des experts"},"content":{"rendered":"<p>Un accord financier entre l\u2019<a href=\"https:\/\/www.20minutes.fr\/dossier\/universite\" class=\"color-ultramarine c-link\" target=\"_blank\" rel=\"noopener\">universit\u00e9<\/a> new-yorkaise Columbia et le <a href=\"https:\/\/www.20minutes.fr\/dossier\/gouvernement\" class=\"color-ultramarine c-link\" target=\"_blank\" rel=\"noopener\">gouvernement am\u00e9ricain<\/a> vient de mettre fin \u00e0 des mois de conflit, mais des experts d\u00e9noncent un \u00ab\u00a0pr\u00e9c\u00e9dent d\u00e9vastateur\u00a0\u00bb dans l\u2019offensive in\u00e9dite men\u00e9e par l\u2019administration de <a href=\"https:\/\/www.20minutes.fr\/dossier\/donald_trump\" class=\"color-ultramarine c-link\" target=\"_blank\" rel=\"noopener\">Donald Trump<\/a> contre l\u2019enseignement sup\u00e9rieur aux <a href=\"https:\/\/www.20minutes.fr\/monde\/etats-unis\/\" class=\"color-ultramarine c-link\" target=\"_blank\" rel=\"noopener\">Etats-Unis<\/a>.<\/p>\n<p>\u00ab\u00a0Ce qui s\u2019est pass\u00e9 \u00e0 Columbia s\u2019inscrit dans une attaque autoritaire plus large contre la soci\u00e9t\u00e9 civile\u00a0\u00bb, fustige David Pozen, professeur de droit au sein de cette grande universit\u00e9 situ\u00e9e dans le nord de <a href=\"https:\/\/www.20minutes.fr\/dossier\/manhattan\" class=\"color-ultramarine c-link\" target=\"_blank\" rel=\"noopener\">Manhattan<\/a>, d\u00e9non\u00e7ant les m\u00eames pressions contre la presse ou les avocats.<\/p>\n<p>\u00ab\u00a0Un pr\u00e9c\u00e9dent d\u00e9vastateur\u00a0\u00bb<\/p>\n<p>Columbia a annonc\u00e9 fin juillet un r\u00e8glement \u00e0 hauteur de 221\u00a0millions de dollars \u00ab\u00a0pour mettre fin aux enqu\u00eates men\u00e9es\u00a0\u00bb par l\u2019administration Trump en guerre contre de nombreux campus, accus\u00e9s d\u2019antis\u00e9mitisme pour avoir tol\u00e9r\u00e9 en\u00a02024 des manifestations pro-palestiniennes contre la guerre men\u00e9e par Isra\u00ebl dans la <a href=\"https:\/\/www.20minutes.fr\/monde\/gaza\/\" class=\"color-ultramarine c-link\" target=\"_blank\" rel=\"noopener\">bande de Gaza<\/a>.<\/p>\n<\/p>\n<p>Depuis son retour au pouvoir le 20\u00a0janvier, le pr\u00e9sident am\u00e9ricain, alli\u00e9 ind\u00e9fectible d\u2019Isra\u00ebl, ne cesse d\u2019accentuer les pressions sur les universit\u00e9s en gelant, dans le cas de Columbia, des centaines de millions de dollars de subventions vers\u00e9es par l\u2019Etat f\u00e9d\u00e9ral pour la recherche.<\/p>\n<p>Mais nombre d\u2019experts, \u00e0 l\u2019instar du pr\u00e9sident de l\u2019organisation American Council on Education, Ted Mitchell, d\u00e9noncent l\u2019accord financier que Columbia a d\u00fb sceller avec le gouvernement conservateur am\u00e9ricain.<\/p>\n<p>\u00ab\u00a0Extorsion\u00a0\u00bb d\u00e9guis\u00e9e<\/p>\n<p>David Pozen estime aussi que ce dernier \u00ab\u00a0a \u00e9t\u00e9 b\u00e2ti d\u00e8s le d\u00e9but de mani\u00e8re ill\u00e9gale et contraignante\u00a0\u00bb et s\u2019apparente \u00e0 de \u00ab\u00a0l\u2019extorsion\u00a0\u00bb d\u00e9guis\u00e9e \u00ab\u00a0sous forme juridique\u00a0\u00bb.<\/p>\n<p>Columbia, mais aussi <a href=\"https:\/\/www.20minutes.fr\/dossier\/harvard\" class=\"color-ultramarine c-link\" target=\"_blank\" rel=\"noopener\">Harvard<\/a>, la plus ancienne des universit\u00e9s am\u00e9ricaines de la prestigieuse Ivy League dans l\u2019agglom\u00e9ration de Boston, ont toujours ni\u00e9 avoir ferm\u00e9 les yeux sur toute forme d\u2019antis\u00e9mitisme et assur\u00e9 avoir pris des mesures pour que leurs \u00e9tudiants et membres du personnel juifs se sentent prot\u00e9g\u00e9s.<\/p>\n<p>Et d\u2019apr\u00e8s Columbia, son accord avec le gouvernement Trump \u00ab\u00a0pr\u00e9serve (son) autonomie et (son) autorit\u00e9 pour le recrutement des enseignants, les admissions et les d\u00e9cisions acad\u00e9miques\u00a0\u00bb.<\/p>\n<p>Mais le professeur Pozen tonne au contraire contre \u00ab\u00a0une ing\u00e9rence importante dans l\u2019autonomie de Columbia\u00a0\u00bb.<\/p>\n<p>Un accord similaire avec Harvard \u00e0 venir\u00a0?<\/p>\n<p>Pire, selon le juriste, l\u2019accord \u00e0 plus de 220\u00a0millions de dollars \u00ab\u00a0est le signe de l\u2019irruption d\u2019un nouveau r\u00e9gime de contr\u00f4le par lequel l\u2019administration Trump bouleversera r\u00e9guli\u00e8rement et de mani\u00e8re impr\u00e9visible le <a href=\"https:\/\/www.20minutes.fr\/dossier\/education\" class=\"color-ultramarine c-link\" target=\"_blank\" rel=\"noopener\">syst\u00e8me \u00e9ducatif<\/a> et exigera qu\u2019il fasse des concessions\u00a0\u00bb.<\/p>\n<p>David Pozen pr\u00e9dit ainsi \u00ab\u00a0\u00e9norm\u00e9ment de pression contre Harvard et d\u2019autres universit\u00e9s\u00a0\u00bb dans les prochaines semaines.<\/p>\n<p>Le New York Times rapporte ainsi qu\u2019un accord \u00e0 500\u00a0millions de dollars entre le gouvernement Trump et Harvard serait en pr\u00e9paration.<\/p>\n<p>Washington lui a d\u00e9j\u00e0 retir\u00e9 plus de 2,6\u00a0milliards de dollars en subventions f\u00e9d\u00e9rales et a r\u00e9voqu\u00e9 sa certification au principal syst\u00e8me par lequel les \u00e9tudiants \u00e9trangers sont autoris\u00e9s \u00e0 \u00e9tudier aux Etats-Unis.<\/p>\n<p>Bras de fer qui se poursuit devant la justice<\/p>\n<p>Mais au contraire de Columbia, Harvard a contest\u00e9 ces mesures devant la justice, dans un bras de fer en forme de test.<\/p>\n<p><a href=\"https:\/\/www.20minutes.fr\/monde\/\" class=\"c-link c-btn c-btn--primary\" target=\"_blank\" rel=\"noopener\">Retrouvez ici toute l&rsquo;actualit\u00e9 internationale<\/a><\/p>\n<p>Toutefois, l\u2019un de ses professeurs en science politique, Steven Levitsky, redoute que \u00ab\u00a0le pr\u00e9c\u00e9dent (de Columbia) soit d\u00e9vastateur en termes de libert\u00e9 acad\u00e9mique et de d\u00e9mocratie\u00a0\u00bb.<\/p>\n<p>\u00ab\u00a0Ceux qui pratiquent l\u2019extorsion ne s\u2019arr\u00eatent pas \u00e0 la premi\u00e8re concession [\u2026] Il y a de grandes chances que cela ne soit que la premi\u00e8re \u00e9tape\u00a0\u00bb, craint le professeur.<\/p>\n<p>Il brocarde m\u00eame \u00ab\u00a0une attaque sans pr\u00e9c\u00e9dent\u00a0\u00bb contre l\u2019enseignement sup\u00e9rieur et appelle \u00e0 ce que les universit\u00e9s s\u2019allient pour \u00ab\u00a0lutter contre un r\u00e9gime autoritaire\u00a0\u00bb.<\/p>\n","protected":false},"excerpt":{"rendered":"Un accord financier entre l\u2019universit\u00e9 new-yorkaise Columbia et le gouvernement am\u00e9ricain vient de mettre fin \u00e0 des mois&hellip;\n","protected":false},"author":2,"featured_media":292441,"comment_status":"","ping_status":"","sticky":false,"template":"","format":"standard","meta":{"footnotes":""},"categories":[5],"tags":[47,11,667,9006,75,1057,4854,73,1011,27,666,14,74,12,5768,28],"class_list":{"0":"post-292440","1":"post","2":"type-post","3":"status-publish","4":"format-standard","5":"has-post-thumbnail","7":"category-international","8":"tag-actualite","9":"tag-actualites","10":"tag-boston","11":"tag-censure","12":"tag-donald-trump","13":"tag-education","14":"tag-enseignement-superieur","15":"tag-etats-unis","16":"tag-fr","17":"tag-france","18":"tag-harvard","19":"tag-international","20":"tag-monde","21":"tag-news","22":"tag-universite","23":"tag-world"},"share_on_mastodon":{"url":"https:\/\/pubeurope.com\/@fr\/114961864664283158","error":""},"_links":{"self":[{"href":"https:\/\/www.europesays.com\/fr\/wp-json\/wp\/v2\/posts\/292440","targetHints":{"allow":["GET"]}}],"collection":[{"href":"https:\/\/www.europesays.com\/fr\/wp-json\/wp\/v2\/posts"}],"about":[{"href":"https:\/\/www.europesays.com\/fr\/wp-json\/wp\/v2\/types\/post"}],"author":[{"embeddable":true,"href":"https:\/\/www.europesays.com\/fr\/wp-json\/wp\/v2\/users\/2"}],"replies":[{"embeddable":true,"href":"https:\/\/www.europesays.com\/fr\/wp-json\/wp\/v2\/comments?post=292440"}],"version-history":[{"count":0,"href":"https:\/\/www.europesays.com\/fr\/wp-json\/wp\/v2\/posts\/292440\/revisions"}],"wp:featuredmedia":[{"embeddable":true,"href":"https:\/\/www.europesays.com\/fr\/wp-json\/wp\/v2\/media\/292441"}],"wp:attachment":[{"href":"https:\/\/www.europesays.com\/fr\/wp-json\/wp\/v2\/media?parent=292440"}],"wp:term":[{"taxonomy":"category","embeddable":true,"href":"https:\/\/www.europesays.com\/fr\/wp-json\/wp\/v2\/categories?post=292440"},{"taxonomy":"post_tag","embeddable":true,"href":"https:\/\/www.europesays.com\/fr\/wp-json\/wp\/v2\/tags?post=292440"}],"curies":[{"name":"wp","href":"https:\/\/api.w.org\/{rel}","templated":true}]}}