{"id":292442,"date":"2025-08-02T23:53:09","date_gmt":"2025-08-02T23:53:09","guid":{"rendered":"https:\/\/www.europesays.com\/fr\/292442\/"},"modified":"2025-08-02T23:53:09","modified_gmt":"2025-08-02T23:53:09","slug":"nord-un-enfant-dune-dizaine-dannees-disparu-en-mer-les-recherches-interrompues","status":"publish","type":"post","link":"https:\/\/www.europesays.com\/fr\/292442\/","title":{"rendered":"Nord\u00a0: un enfant d\u2019une dizaine d\u2019ann\u00e9es disparu en mer, les recherches interrompues"},"content":{"rendered":"<p class=\"paragraph text_align_left lp-f-body-02\">Un enfant d\u2019une dizaine d\u2019ann\u00e9es a <a href=\"https:\/\/www.leparisien.fr\/societe\/contre-les-noyades-il-y-a-urgence-pour-alain-bernard-il-faut-investir-dans-lapprentissage-de-la-natation-02-08-2025-XCRKUJ56RBHP5B2LGD5LSZLPJA.php\" target=\"_self\" rel=\"noopener\">disparu en mer<\/a> \u00e0 Gravelines (Nord) ce samedi apr\u00e8s-midi, a indiqu\u00e9 la pr\u00e9fecture maritime \u00e0 l\u2019Agence France-Presse (AFP), confirmant une information de la radio locale <a href=\"https:\/\/www.radio6.fr\/article-73620-gravelines-les-recherches-arretees-l-enfant-disparu-en-mer-n-a-pas-ete-retrouve.html\" target=\"_self\" rel=\"noopener\">Radio6<\/a>. \u00ab Une op\u00e9ration a \u00e9t\u00e9 d\u00e9clench\u00e9e vers 16h00 suite au signalement de trois enfants en difficult\u00e9 sur la plage de Gravelines \u00bb, rapporte un porte-parole de la pr\u00e9fecture maritime de la Manche et de la mer du Nord (Pr\u00e9mar).<\/p>\n<p class=\"paragraph text_align_left lp-f-body-02\">Selon cette m\u00eame source, les recherches, qui ont notamment mobilis\u00e9 un h\u00e9licopt\u00e8re de la Marine nationale et des moyens nautiques du Sdis du Nord et de la SNSM, ont \u00e9t\u00e9 interrompues vers 19h45, alors qu\u2019un enfant demeurait port\u00e9 disparu.<\/p>\n<p class=\"paragraph text_align_left lp-f-body-02\">\u00ab Deux enfants ont pu regagner la plage par leurs propres moyens \u00bb, pr\u00e9cise la pr\u00e9fecture. Selon les pompiers, ces deux enfants, \u00e2g\u00e9s de 10 et 13 ans, ont \u00e9t\u00e9 transport\u00e9s au centre hospitalier de Dunkerque, l\u00e9g\u00e8rement bless\u00e9s.<\/p>\n","protected":false},"excerpt":{"rendered":"Un enfant d\u2019une dizaine d\u2019ann\u00e9es a disparu en mer \u00e0 Gravelines (Nord) ce samedi apr\u00e8s-midi, a indiqu\u00e9 la&hellip;\n","protected":false},"author":2,"featured_media":292443,"comment_status":"","ping_status":"","sticky":false,"template":"","format":"standard","meta":{"footnotes":""},"categories":[4],"tags":[11,459,118,1011,27,12,8193,25],"class_list":{"0":"post-292442","1":"post","2":"type-post","3":"status-publish","4":"format-standard","5":"has-post-thumbnail","7":"category-france","8":"tag-actualites","9":"tag-departements-horsidfo","10":"tag-faits-divers","11":"tag-fr","12":"tag-france","13":"tag-news","14":"tag-nord-59","15":"tag-republique-francaise"},"share_on_mastodon":{"url":"https:\/\/pubeurope.com\/@fr\/114961868635407574","error":""},"_links":{"self":[{"href":"https:\/\/www.europesays.com\/fr\/wp-json\/wp\/v2\/posts\/292442","targetHints":{"allow":["GET"]}}],"collection":[{"href":"https:\/\/www.europesays.com\/fr\/wp-json\/wp\/v2\/posts"}],"about":[{"href":"https:\/\/www.europesays.com\/fr\/wp-json\/wp\/v2\/types\/post"}],"author":[{"embeddable":true,"href":"https:\/\/www.europesays.com\/fr\/wp-json\/wp\/v2\/users\/2"}],"replies":[{"embeddable":true,"href":"https:\/\/www.europesays.com\/fr\/wp-json\/wp\/v2\/comments?post=292442"}],"version-history":[{"count":0,"href":"https:\/\/www.europesays.com\/fr\/wp-json\/wp\/v2\/posts\/292442\/revisions"}],"wp:featuredmedia":[{"embeddable":true,"href":"https:\/\/www.europesays.com\/fr\/wp-json\/wp\/v2\/media\/292443"}],"wp:attachment":[{"href":"https:\/\/www.europesays.com\/fr\/wp-json\/wp\/v2\/media?parent=292442"}],"wp:term":[{"taxonomy":"category","embeddable":true,"href":"https:\/\/www.europesays.com\/fr\/wp-json\/wp\/v2\/categories?post=292442"},{"taxonomy":"post_tag","embeddable":true,"href":"https:\/\/www.europesays.com\/fr\/wp-json\/wp\/v2\/tags?post=292442"}],"curies":[{"name":"wp","href":"https:\/\/api.w.org\/{rel}","templated":true}]}}